{"id":20191,"date":"2022-06-21T02:33:51","date_gmt":"2022-06-21T00:33:51","guid":{"rendered":"https:\/\/vista-pro.com\/?p=20191"},"modified":"2023-05-20T21:21:25","modified_gmt":"2023-05-20T19:21:25","slug":"nekretnine-buzet-istra","status":"publish","type":"post","link":"https:\/\/www.vista-pro.com\/hr\/real-estate-buzet-istria\/","title":{"rendered":"Nekretnine Buzet | Istra"},"content":{"rendered":"<div data-elementor-type=\"wp-post\" data-elementor-id=\"20191\" class=\"elementor elementor-20191\">\n\t\t\t\t\t\t<section class=\"elementor-section elementor-top-section elementor-element elementor-element-70adeb29 elementor-section-boxed elementor-section-height-default elementor-section-height-default\" data-id=\"70adeb29\" data-element_type=\"section\" data-e-type=\"section\">\n\t\t\t\t\t\t<div class=\"elementor-container elementor-column-gap-default\">\n\t\t\t\t\t<div class=\"elementor-column elementor-col-100 elementor-top-column elementor-element elementor-element-acaaa7f\" data-id=\"acaaa7f\" data-element_type=\"column\" data-e-type=\"column\">\n\t\t\t<div class=\"elementor-widget-wrap elementor-element-populated\">\n\t\t\t\t\t\t<div class=\"elementor-element elementor-element-f40d0ce elementor-widget elementor-widget-text-editor\" data-id=\"f40d0ce\" data-element_type=\"widget\" data-e-type=\"widget\" data-widget_type=\"text-editor.default\">\n\t\t\t\t<div class=\"elementor-widget-container\">\n\t\t\t\t\t\t\t\t\t<h2>Buzet Nekretnine | Istra<\/h2><p>Gradsko podru\u010dje Buzeta nalazi se u najsjevernijem unutarnjem dijelu Istre, na podru\u010dju izme\u0111u tri velika gradska sredi\u0161ta: Rijeke, Trsta i Pule. Grani\u010di s Republikom Slovenijom (Gradska op\u0107ina Koper), op\u0107inama Motovun, Oprtalj, Lani\u0161\u0107e, Lupoglav i Cerovlje te Gradom Pazinom. Ukupna povr\u0161ina grada je 165 km\u00b2.<\/p><p>Podru\u010dje Buzeta je vrlo raznoliko, s nadmorskim visinama od 10 do preko 1000 m, pa je stoga i klimatska raznolikost velika, od mediteranske klime u dolini rijeke Mirne do kontinentalne klime u planinskom dijelu \u0106i\u0107arije. Stari grad Buzet nalazi se na 150 m visokom bre\u017euljku iznad doline rijeke Mirne, dok se u podno\u017eju brda razvija novi dio grada, tzv. Fontana.<\/p><p style=\"text-align: justify;\">Grad Buzet sastoji se od sljede\u0107ih naselja:<\/p>\t\t\t\t\t\t\t\t<\/div>\n\t\t\t\t<\/div>\n\t\t\t\t<div class=\"elementor-element elementor-element-a7f80fe elementor-widget-divider--view-line elementor-widget elementor-widget-divider\" data-id=\"a7f80fe\" data-element_type=\"widget\" data-e-type=\"widget\" data-widget_type=\"divider.default\">\n\t\t\t\t<div class=\"elementor-widget-container\">\n\t\t\t\t\t\t\t<div class=\"elementor-divider\">\n\t\t\t<span class=\"elementor-divider-separator\">\n\t\t\t\t\t\t<\/span>\n\t\t<\/div>\n\t\t\t\t\t\t<\/div>\n\t\t\t\t<\/div>\n\t\t\t\t<div class=\"elementor-element elementor-element-b480bff elementor-widget elementor-widget-text-editor\" data-id=\"b480bff\" data-element_type=\"widget\" data-e-type=\"widget\" data-widget_type=\"text-editor.default\">\n\t\t\t\t<div class=\"elementor-widget-container\">\n\t\t\t\t\t\t\t\t\t<ul><li><a title=\"\" href=\"https:\/\/hr.wikipedia.org\/wiki\/Baredine_(Buzet)\">Baredine<\/a>\u00a0(tal.\u00a0<i>Baredine<\/i>)<\/li><li><a title=\"Bartoli\u0107i\" href=\"https:\/\/hr.wikipedia.org\/wiki\/Bartoli%C4%87i\">Bartoli\u0107i<\/a>\u00a0(<i>Sovischine<\/i>)<\/li><li><a title=\"Baru\u0161i\u0107i (Buzet)\" href=\"https:\/\/hr.wikipedia.org\/wiki\/Baru%C5%A1i%C4%87i_(Buzet)\">Baru\u0161i\u0107i<\/a>\u00a0(<i>Barussici<\/i>)<\/li><li><a title=\"Ben\u010di\u0107i (Buzet)\" href=\"https:\/\/hr.wikipedia.org\/wiki\/Ben%C4%8Di%C4%87i_(Buzet)\">Ben\u010di\u0107i<\/a>\u00a0(<i>Ben\u010di\u0107i<\/i>)<\/li><li><a title=\"Blatna Vas\" href=\"https:\/\/hr.wikipedia.org\/wiki\/Blatna_Vas\">Blatna Vas<\/a>\u00a0(<i>Bl\u00e0tina<\/i>)<\/li><li><a title=\"Brnobi\u0107i (Buzet)\" href=\"https:\/\/hr.wikipedia.org\/wiki\/Brnobi%C4%87i_(Buzet)\">Brnobi\u0107i<\/a>\u00a0(<i>Bernobi\u0107i<\/i>)<\/li><li><a title=\"Cunj\" href=\"https:\/\/hr.wikipedia.org\/wiki\/Cunj\">Cunj<\/a>\u00a0(<i>Zugni<\/i>)<\/li><li><a title=\"\u010cirite\u017e\" href=\"https:\/\/hr.wikipedia.org\/wiki\/%C4%8Cirite%C5%BE\">\u010cirite\u017e<\/a>\u00a0(<i>Cirit\u00e9s<\/i>)<\/li><li><a title=\"\u010crnica\" href=\"https:\/\/hr.wikipedia.org\/wiki\/%C4%8Crnica\">\u010crnica<\/a>\u00a0(<i>Cernizza Pinguentina<\/i>)<\/li><li><a title=\"Duri\u010di\u0107i\" href=\"https:\/\/hr.wikipedia.org\/wiki\/Duri%C4%8Di%C4%87i\">Duri\u010di\u0107i<\/a>\u00a0(<i>Duri\u010di\u0107i<\/i>)<\/li><li><a title=\"Erkov\u010di\u0107i\" href=\"https:\/\/hr.wikipedia.org\/wiki\/Erkov%C4%8Di%C4%87i\">Erkov\u010di\u0107i<\/a>\u00a0(<i>Er\u010dau\u010di\u0107i<\/i>)<\/li><li><a title=\"For\u010di\u0107i\" href=\"https:\/\/hr.wikipedia.org\/wiki\/For%C4%8Di%C4%87i\">For\u010di\u0107i<\/a>\u00a0(<i>For\u0161i\u0107i<\/i>)<\/li><li><a title=\"Gornja Nugla\" href=\"https:\/\/hr.wikipedia.org\/wiki\/Gornja_Nugla\">Gornja Nugla<\/a>\u00a0(<i>Nugla di sopra<\/i>)<\/li><li><a title=\"Hum (Buzet)\" href=\"https:\/\/hr.wikipedia.org\/wiki\/Hum_(Buzet)\">Pjevu\u0161iti<\/a>\u00a0(<i>Colmo<\/i>)<\/li><li><a title=\"Juradi\" href=\"https:\/\/hr.wikipedia.org\/wiki\/Juradi\">Juradi<\/a>\u00a0(<i>Giuradi<\/i>)<\/li><li><a title=\"Juri\u010di\u0107i\" href=\"https:\/\/hr.wikipedia.org\/wiki\/Juri%C4%8Di%C4%87i\">Juri\u010di\u0107i<\/a>\u00a0(<i>Iuri\u010di\u0107i<\/i>)<\/li><li><a title=\"Kajini\" href=\"https:\/\/hr.wikipedia.org\/wiki\/Kajini\">Kajini<\/a>\u00a0(<i>Caini<\/i>)<\/li><li><a title=\"Klari\u0107i\" href=\"https:\/\/hr.wikipedia.org\/wiki\/Klari%C4%87i\">Klari\u0107i<\/a>\u00a0(<i>Clarici<\/i>)<\/li><li><a title=\"Kompanj\" href=\"https:\/\/hr.wikipedia.org\/wiki\/Kompanj\">Kompanj<\/a>\u00a0(<i>Compagni<\/i>)<\/li><li><a title=\"Kosoriga\" href=\"https:\/\/hr.wikipedia.org\/wiki\/Kosoriga\">Kosoriga<\/a>\u00a0(<i>Cossoriga<\/i>)<\/li><li><a title=\"Kotli\" href=\"https:\/\/hr.wikipedia.org\/wiki\/Kotli\">Kotli<\/a>\u00a0(<i>Cottole<\/i>)<\/li><li><a title=\"Kras (Buzet)\" href=\"https:\/\/hr.wikipedia.org\/wiki\/Kras_(Buzet)\">Kras<\/a>\u00a0(<i>Carse<\/i>)<\/li><li><a title=\"Krbav\u010di\u0107i\" href=\"https:\/\/hr.wikipedia.org\/wiki\/Krbav%C4%8Di%C4%87i\">Krbav\u010di\u0107i<\/a>\u00a0(<i>Carbo\u010di\u0107i<\/i>)<\/li><li><a title=\"Krku\u017e\" href=\"https:\/\/hr.wikipedia.org\/wiki\/Krku%C5%BE\">Krku\u017e<\/a>\u00a0(<i>Chercus<\/i>)<\/li><li><a title=\"Krti\" href=\"https:\/\/hr.wikipedia.org\/wiki\/Krti\">Krti<\/a>\u00a0(<i>Cherti<\/i>)<\/li><li><a title=\"Kru\u0161vari\" href=\"https:\/\/hr.wikipedia.org\/wiki\/Kru%C5%A1vari\">Kru\u0161vari<\/a>\u00a0(<i>Crusvari<\/i>)<\/li><li><a title=\"Mala Huba\" href=\"https:\/\/hr.wikipedia.org\/wiki\/Mala_Huba\">Mala Huba<\/a>\u00a0(<i>Malacuba<\/i>)<\/li><li><a title=\"Mali Mlun\" href=\"https:\/\/hr.wikipedia.org\/wiki\/Mali_Mlun\">Mali Mlun<\/a>\u00a0(<i>Milino Piccolo<\/i>)<\/li><li><a title=\"Mar\u010denegla\" href=\"https:\/\/hr.wikipedia.org\/wiki\/Mar%C4%8Denegla\">Mar\u010denegla<\/a>\u00a0(<i>Marcenigla<\/i>)<\/li><li><a title=\"Marinci (Buzet)\" href=\"https:\/\/hr.wikipedia.org\/wiki\/Marinci_(Buzet)\">Marinci<\/a>\u00a0(<i>Marinzi<\/i>)<\/li><li><a title=\"Martinci\" href=\"https:\/\/hr.wikipedia.org\/wiki\/Martinci\">Martinci<\/a>\u00a0(<i>Martinzi<\/i>)<\/li><li><a title=\"Medveje\" href=\"https:\/\/hr.wikipedia.org\/wiki\/Medveje\">Medveje<\/a>\u00a0(<i>Medeja<\/i>)<\/li><li><a title=\"Negnar\" href=\"https:\/\/hr.wikipedia.org\/wiki\/Negnar\">Negnar<\/a>\u00a0(<i>Negnari<\/i>)<\/li><li><a title=\"Paladini\" href=\"https:\/\/hr.wikipedia.org\/wiki\/Paladini\">Paladini<\/a>\u00a0(<i>Paladini<\/i>)<\/li><li><a title=\"Pengari\" href=\"https:\/\/hr.wikipedia.org\/wiki\/Pengari\">Pengari<\/a>\u00a0(<i>Pengari<\/i>)<\/li><li><a title=\"Peni\u010di\u0107i\" href=\"https:\/\/hr.wikipedia.org\/wiki\/Peni%C4%8Di%C4%87i\">Peni\u010di\u0107i<\/a>\u00a0(<i>Peni\u010di\u0107i<\/i>)<\/li><li><a title=\"Perci (Buzet)\" href=\"https:\/\/hr.wikipedia.org\/wiki\/Perci_(Buzet)\">Perci<\/a>\u00a0(<i>Perzi<\/i>)<\/li><li><a title=\"Po\u010dekaji\" href=\"https:\/\/hr.wikipedia.org\/wiki\/Po%C4%8Dekaji\">Po\u010dekaji<\/a>\u00a0(<i>Pocecai<\/i>)<\/li><li><a title=\"Podrebar (Buzet)\" href=\"https:\/\/hr.wikipedia.org\/wiki\/Podrebar_(Buzet)\">Podrebar<\/a>\u00a0(<i>Sotto la Rupe<\/i>)<\/li><li><a title=\"Podkuk\" href=\"https:\/\/hr.wikipedia.org\/wiki\/Podkuk\">Podkuk<\/a>\u00a0(<i>Piedicucco<\/i>)<\/li><li><a title=\"Pra\u010dana\" href=\"https:\/\/hr.wikipedia.org\/wiki\/Pra%C4%8Dana\">Pra\u010dana<\/a>\u00a0(<i>Brazzana<\/i>)<\/li><li><a title=\"Prodani\" href=\"https:\/\/hr.wikipedia.org\/wiki\/Prodani\">Prodani<\/a>\u00a0(<i>Prodani di Pinguente<\/i>)<\/li><li><a title=\"Ra\u010dice\" href=\"https:\/\/hr.wikipedia.org\/wiki\/Ra%C4%8Dice\">Ra\u010dice<\/a>\u00a0(<i>Racizze<\/i>)<\/li><li><a title=\"Ra\u010di\u010dki Brijeg\" href=\"https:\/\/hr.wikipedia.org\/wiki\/Ra%C4%8Di%C4%8Dki_Brijeg\">Ra\u010di\u010dki Brijeg<\/a>\u00a0(<i>Castel Racizze<\/i>)<\/li><li><a title=\"Rim (Buzet)\" href=\"https:\/\/hr.wikipedia.org\/wiki\/Rim_(Buzet)\">Obru\u010d<\/a>\u00a0(<i>Roma<\/i>)<\/li><li><a title=\"Rimnjak\" href=\"https:\/\/hr.wikipedia.org\/wiki\/Rimnjak\">Rimnjak<\/a>\u00a0(<i>Rimignacco<\/i>)<\/li><li><a title=\"Ro\u010d\" href=\"https:\/\/hr.wikipedia.org\/wiki\/Ro%C4%8D\">Ro\u010d<\/a>\u00a0(<i>Rozzo<\/i>)<\/li><li><a title=\"Ro\u010dko Polje\" href=\"https:\/\/hr.wikipedia.org\/wiki\/Ro%C4%8Dko_Polje\">Ro\u010dko Polje<\/a>\u00a0(<i>Poglie di Rozzo<\/i>)<\/li><li><a title=\"Sale\u017e\" href=\"https:\/\/hr.wikipedia.org\/wiki\/Sale%C5%BE\">Sale\u017e<\/a>\u00a0(<i>Salise<\/i>)<\/li><li><a title=\"Selca (Buzet)\" href=\"https:\/\/hr.wikipedia.org\/wiki\/Selca_(Buzet)\">Selca<\/a>\u00a0(<i>Selsa<\/i>)<\/li><li><a title=\"Seljaci\" href=\"https:\/\/hr.wikipedia.org\/wiki\/Seljaci\">Seljaci<\/a>\u00a0(<i>Segliazzi<\/i>)<\/li><li><a title=\"Senj (Buzet)\" href=\"https:\/\/hr.wikipedia.org\/wiki\/Senj_(Buzet)\">Senj<\/a>\u00a0(<i>Segnacco<\/i>)<\/li><li><a title=\"Siroti\u0107i\" href=\"https:\/\/hr.wikipedia.org\/wiki\/Siroti%C4%87i\">Siroti\u0107i<\/a>\u00a0(<i>Siroti\u0107i<\/i>)<\/li><li><a title=\"Sovinjak\" href=\"https:\/\/hr.wikipedia.org\/wiki\/Sovinjak\">Sovinjak<\/a>\u00a0(<i>Sovignacco<\/i>)<\/li><li><a title=\"Sovinjska Brda\" href=\"https:\/\/hr.wikipedia.org\/wiki\/Sovinjska_Brda\">Sovinjska Brda<\/a>\u00a0(<i>Berda di Sovignacco<\/i>)<\/li><li><a title=\"Sovinjsko Polje\" href=\"https:\/\/hr.wikipedia.org\/wiki\/Sovinjsko_Polje\">Sovinjsko Polje<\/a>\u00a0(<i>Poglie di Sovignacco<\/i>)<\/li><li><a title=\"Stanica Ro\u010d\" href=\"https:\/\/hr.wikipedia.org\/wiki\/Stanica_Ro%C4%8D\">Stanica Ro\u010d<\/a>\u00a0(<i>Stazione Rozzo<\/i>)<\/li><li><a title=\"Strana\" href=\"https:\/\/hr.wikipedia.org\/wiki\/Strana\">Strana<\/a>\u00a0(<i>Strana<\/i>)<\/li><li><a title=\"Su\u0161i\u0107i\" href=\"https:\/\/hr.wikipedia.org\/wiki\/Su%C5%A1i%C4%87i\">Su\u0161i\u0107i<\/a>\u00a0(<i>Sussici<\/i>)<\/li><li><a title=\"Sveti Donat (Buzet)\" href=\"https:\/\/hr.wikipedia.org\/wiki\/Sveti_Donat_(Buzet)\">Sveti Donat<\/a>\u00a0(<i>Casa San Donato<\/i>)<\/li><li><a title=\"Sveti Ivan (Buzet)\" href=\"https:\/\/hr.wikipedia.org\/wiki\/Sveti_Ivan_(Buzet)\">Sveti Ivan<\/a>\u00a0(<i>San Giovanni<\/i>)<\/li><li><a title=\"Sveti Martin (Buzet)\" href=\"https:\/\/hr.wikipedia.org\/wiki\/Sveti_Martin_(Buzet)\">Sveti Martin<\/a>\u00a0(<i>San Martino Pinguentino<\/i>)<\/li><li><a title=\"\u0160\u0107ulci\" href=\"https:\/\/hr.wikipedia.org\/wiki\/%C5%A0%C4%87ulci\">\u0160\u0107ulci<\/a>\u00a0(<i>Schiulzi<\/i>)<\/li><li><a title=\"\u0160kuljari\" href=\"https:\/\/hr.wikipedia.org\/wiki\/%C5%A0kuljari\">\u0160kuljari<\/a>\u00a0(<i>Scuiari<\/i>)<\/li><li><a title=\"\u0160trped\" href=\"https:\/\/hr.wikipedia.org\/wiki\/%C5%A0trped\">\u0160trped<\/a>\u00a0(<i>Sterpeto<\/i>)<\/li><li><a title=\"Ugrini\" href=\"https:\/\/hr.wikipedia.org\/wiki\/Ugrini\">Ugrini<\/a>\u00a0(<i>Ugrini<\/i>)<\/li><li><a title=\"Veli Mlun\" href=\"https:\/\/hr.wikipedia.org\/wiki\/Veli_Mlun\">Veli Mlun<\/a>\u00a0(<i>Milino Grande<\/i>)<\/li><li><a title=\"Vrh (Buzet)\" href=\"https:\/\/hr.wikipedia.org\/wiki\/Vrh_(Buzet)\">Vrh<\/a>\u00a0(<i>Vetta<\/i>)<\/li><li><a title=\"\u017donti\" href=\"https:\/\/hr.wikipedia.org\/wiki\/%C5%BDonti\">\u017donti<\/a>\u00a0(<i>Zonti<\/i>)<\/li><\/ul>\t\t\t\t\t\t\t\t<\/div>\n\t\t\t\t<\/div>\n\t\t\t\t<div class=\"elementor-element elementor-element-fd56d00 elementor-widget-divider--view-line elementor-widget elementor-widget-divider\" data-id=\"fd56d00\" data-element_type=\"widget\" data-e-type=\"widget\" data-widget_type=\"divider.default\">\n\t\t\t\t<div class=\"elementor-widget-container\">\n\t\t\t\t\t\t\t<div class=\"elementor-divider\">\n\t\t\t<span class=\"elementor-divider-separator\">\n\t\t\t\t\t\t<\/span>\n\t\t<\/div>\n\t\t\t\t\t\t<\/div>\n\t\t\t\t<\/div>\n\t\t\t\t<div class=\"elementor-element elementor-element-348293d elementor-widget elementor-widget-houzez_elementor_sort_by\" data-id=\"348293d\" data-element_type=\"widget\" data-e-type=\"widget\" data-widget_type=\"houzez_elementor_sort_by.default\">\n\t\t\t\t<div class=\"elementor-widget-container\">\n\t\t\t\t\t        <div class=\"sort-by\">\n            <div class=\"d-flex align-items-center\">\n                <div class=\"sort-by-title\">\n                    Poredaj po:                <\/div><!-- sort-by-title -->  \n                <select id=\"sort_properties\" class=\"selectpicker form-control bs-select-hidden\" title=\"Zadani redoslijed\" data-live-search=\"false\" data-dropdown-align-right=\"auto\">\n                    <option value=\"\">Zadani redoslijed<\/option>\n                    <option  value=\"a_price\">Cijena - od niske do visoke<\/option>\n                    <option  value=\"d_price\">Cijena - visoka prema niskoj<\/option>\n                    \n                    <option  value=\"featured_first\">Prvo istaknuti oglasi<\/option>\n                    \n                    <option  value=\"a_date\">Datum - od starog do novog<\/option>\n                    <option  value=\"d_date\">Datum - od novog do starog<\/option>\n                <\/select><!-- selectpicker -->\n            <\/div><!-- d-flex -->\n        <\/div><!-- sort-by -->\n        \t\t\t\t<\/div>\n\t\t\t\t<\/div>\n\t\t\t\t<div class=\"elementor-element elementor-element-9015c9a elementor-widget elementor-widget-houzez_elementor_properties\" data-id=\"9015c9a\" data-element_type=\"widget\" data-e-type=\"widget\" data-widget_type=\"houzez_elementor_properties.default\">\n\t\t\t\t<div class=\"elementor-widget-container\">\n\t\t\t\t\t    <div id=\"properties_module_section\" class=\"property-cards-module property-cards-module-v_1 property-cards-module-list\">\n        <div id=\"module_properties\" class=\"listing-view list-view d-flex flex-column gap-3\">\n            <div class=\"item-listing-wrap hz-item-gallery-js item-listing-wrap-v1 item-listing-wrap-v2 hz-map-trigger\" data-hz-id=\"30934\" >\n\t<div class=\"item-wrap item-wrap-no-frame\">\n\t\t<div class=\"d-flex flex-md-row flex-column align-items-center\">\n\t\t\t<div class=\"item-header\">\n\t\t\t\t\t\t\t\t<div class=\"labels-wrap mb-2 d-block d-md-none\" role=\"group\">\n\t\t\t\t\t<a href=\"https:\/\/www.vista-pro.com\/hr\/status\/for-sale\/\" class=\"label-status label me-1 status-color-30\">\n\t\t\t\t\tZa Prodaju\n\t\t\t\t<\/a><a href=\"https:\/\/www.vista-pro.com\/hr\/label\/exclusive\/\" class=\"hz-label label me-1 label-color-405\">\n\t\t\t\t\tEkskluzivno\n\t\t\t\t<\/a>\t\t\t\t<\/div>\n\t\t\t\t<ul class=\"item-price-wrap d-flex d-md-none flex-column gap-2\" role=\"list\">\n\t\t\t\t\t<li class=\"item-price\"><span class=\"price\">33.000 \u20ac<\/span><\/li><li class=\"item-sub-price\"><span class=\"price\">1.842 \u20ac<\/span><span class=\"price-postfix\">\/m\u00b2<\/span><\/li>\t\t\t\t<\/ul>\n\t\t\t\t<ul class=\"item-tools d-flex align-items-center justify-content-center gap-1\">\n        <li class=\"item-tool item-preview\">\n        <span class=\"hz-show-lightbox-js item-tool-preview text-center\" data-listid=\"30934\">\n            <span data-bs-toggle=\"tooltip\" data-bs-placement=\"top\" title=\"Pregled\">\n                <i class=\"houzez-icon icon-expand-3\"><\/i>   \n            <\/span>\n        <\/span><!-- item-tool-favorite -->\n    <\/li><!-- item-tool -->\n        \n        <li class=\"item-tool item-favorite\">\n        <span class=\"add-favorite-js item-tool-favorite text-center\" data-bs-toggle=\"tooltip\" data-bs-placement=\"top\" title=\"Omiljeni\" data-listid=\"30934\">\n            <i class=\"houzez-icon icon-love-it\"><\/i>\n        <\/span><!-- item-tool-favorite -->\n    <\/li><!-- item-tool -->\n    \n        <li class=\"item-tool item-compare\">\n        <span class=\"houzez_compare compare-30934 item-tool-compare text-center\" data-bs-toggle=\"tooltip\" data-bs-placement=\"top\" title=\"Dodaj u usporedbu\" data-listing_id=\"30934\" data-listing_image=\"https:\/\/cdn.vista-pro.com\/wp-content\/uploads\/2026\/02\/IMG_3380.jpg?strip=all&amp;quality=70&amp;webp=70&amp;avif=70&amp;sharp=1&amp;fit=1170%2C878\">\n            <i class=\"houzez-icon icon-add-circle\"><\/i>\n            <!-- <i class=\"houzez-icon icon-subtract-circle\"><\/i> -->\n        <\/span><!-- item-tool-compare -->\n    <\/li><!-- item-tool -->\n    <\/ul><!-- item-tools -->\n\t\t\t\t<div class=\"listing-image-wrap\">\n\t<div class=\"listing-thumb\">\n\t\t<a target=\"_self\" href=\"https:\/\/www.vista-pro.com\/hr\/real-estate\/novigrad-vidal-spacious-garage-with-woodshed-for-sale-18-m%c2%b2\/\" class=\"listing-featured-thumb hover-effect image-wrap\" role=\"link\">\n\t\t\t<img fetchpriority=\"high\" decoding=\"async\" width=\"1170\" height=\"878\" src=\"https:\/\/cdn.vista-pro.com\/wp-content\/uploads\/2026\/02\/IMG_3380.jpg?strip=all&amp;quality=70&amp;webp=70&amp;avif=70&amp;sharp=1&amp;fit=1170%2C878\" class=\"img-fluid wp-post-image\" alt=\"IMG\" srcset=\"https:\/\/cdn.vista-pro.com\/wp-content\/uploads\/2026\/02\/IMG_3380.jpg?strip=all&amp;quality=70&amp;webp=70&amp;avif=70&amp;sharp=1 1920w, https:\/\/cdn.vista-pro.com\/wp-content\/uploads\/2026\/02\/IMG_3380-1536x1152.jpg?strip=all&amp;quality=70&amp;webp=70&amp;avif=70&amp;sharp=1 1536w, https:\/\/cdn.vista-pro.com\/wp-content\/uploads\/2026\/02\/IMG_3380-16x12.jpg?strip=all&amp;quality=70&amp;webp=70&amp;avif=70&amp;sharp=1 16w, https:\/\/cdn.vista-pro.com\/wp-content\/uploads\/2026\/02\/IMG_3380-584x438.jpg?strip=all&amp;quality=70&amp;webp=70&amp;avif=70&amp;sharp=1 584w, https:\/\/cdn.vista-pro.com\/wp-content\/uploads\/2026\/02\/IMG_3380.jpg?strip=all&amp;quality=70&amp;webp=70&amp;avif=70&amp;sharp=1&amp;w=384 384w, https:\/\/cdn.vista-pro.com\/wp-content\/uploads\/2026\/02\/IMG_3380.jpg?strip=all&amp;quality=70&amp;webp=70&amp;avif=70&amp;sharp=1&amp;w=768 768w, https:\/\/cdn.vista-pro.com\/wp-content\/uploads\/2026\/02\/IMG_3380.jpg?strip=all&amp;quality=70&amp;webp=70&amp;avif=70&amp;sharp=1&amp;w=1152 1152w, https:\/\/cdn.vista-pro.com\/wp-content\/uploads\/2026\/02\/IMG_3380.jpg?strip=all&amp;quality=70&amp;webp=70&amp;avif=70&amp;sharp=1&amp;w=450 450w\" sizes=\"(max-width: 1170px) 100vw, 1170px\" \/>\t\t<\/a><!-- hover-effect -->\n\t<\/div>\n<\/div>\t\t\t<\/div>\n\t\t\t<div class=\"item-body flex-grow-1\">\n\t\t\t\t<div class=\"labels-wrap mb-2 d-sm-none d-md-block\" role=\"group\">\n\t\t\t\t\t<a href=\"https:\/\/www.vista-pro.com\/hr\/status\/for-sale\/\" class=\"label-status label me-1 status-color-30\">\n\t\t\t\t\tZa Prodaju\n\t\t\t\t<\/a><a href=\"https:\/\/www.vista-pro.com\/hr\/label\/exclusive\/\" class=\"hz-label label me-1 label-color-405\">\n\t\t\t\t\tEkskluzivno\n\t\t\t\t<\/a>\t\t\t\t<\/div>\n\t\t\t\t<h2 class=\"item-title mb-2 col-12 text-truncate\">\n\t<a target=\"_self\" href=\"https:\/\/www.vista-pro.com\/hr\/real-estate\/novigrad-vidal-spacious-garage-with-woodshed-for-sale-18-m%c2%b2\/\" role=\"link\">Novigrad | Vidal | Prodaje se prostrana gara\u017ea s drvarnicom (18 m\u00b2)<\/a>\n<\/h2><!-- item-title -->\t\t\t\t<ul class=\"item-price-wrap d-none d-md-flex flex-column gap-2 align-items-end\" role=\"list\">\n\t\t\t\t\t<li class=\"item-price\"><span class=\"price\">33.000 \u20ac<\/span><\/li><li class=\"item-sub-price\"><span class=\"price\">1.842 \u20ac<\/span><span class=\"price-postfix\">\/m\u00b2<\/span><\/li>\t\t\t\t<\/ul>\n\t\t\t\t<address class=\"item-address mb-2\"><i class=\"houzez-icon icon-pin me-1\" aria-hidden=\"true\"><\/i><span>Hrvatska, Istra, Novigrad, Novigrad (okolica)<\/span><\/address>\t\t\t\t<ul class=\"item-amenities d-flex flex-wrap align-items-center gap-2 mb-2 item-amenities-with-icons\" role=\"list\">\n\t<li class=\"h-area d-flex align-items-center me-1\"><i class=\"houzez-icon icon-ruler-triangle me-2\"><\/i><span class=\"hz-figure me-1\">17.92<\/span> <span class=\"hz-figure area_postfix\">m\u00b2<\/span><\/li><li class=\"h-type d-flex w-100\" role=\"listitem\"><span>Gara\u017ea, gara\u017ee i parkirali\u0161ta<\/span><\/li><\/ul>\t\t\t\t<a class=\"btn btn-primary btn-item\" target=\"_self\" href=\"https:\/\/www.vista-pro.com\/hr\/real-estate\/novigrad-vidal-spacious-garage-with-woodshed-for-sale-18-m%c2%b2\/\">\n\tPojedinosti<\/a><!-- btn-item -->\n\t\t\t\t\t\t\t\t<div class=\"d-flex align-items-center justify-content-start d-none d-md-flex gap-3\">\n\t\t\t\t\t<div class=\"item-author d-flex align-items-center gap-1\">\n\t<div class=\"item-author-image me-2\" role=\"img\">\n\t\t<img decoding=\"async\" class=\"rounded-circle\" src=\"https:\/\/www.vista-pro.com\/wp-content\/uploads\/2022\/05\/google-vp-1-compress-360x360.png\" width=\"32\" height=\"32\" alt=\"\">\n\t<\/div>\n\t<a href=\"https:\/\/www.vista-pro.com\/hr\/agency\/vista-pro\/\" role=\"link\">Vista Pro<\/a>\n<\/div><!-- item-author -->\n\t\t\t\t\t<div class=\"item-date d-flex align-items-center gap-1\">\n\t<i class=\"houzez-icon icon-attachment me-1\"><\/i>\n\tPrije 3 mjeseca<\/div><!-- item-date -->\n\t\t\t\t<\/div>\n\t\t\t\t\t\t\t<\/div>\n\t\t\t\t\t\t<div class=\"item-footer d-md-none d-flex justify-content-between w-100\">\n\t\t\t\t<div class=\"item-author d-flex align-items-center gap-1\">\n\t<div class=\"item-author-image me-2\" role=\"img\">\n\t\t<img decoding=\"async\" class=\"rounded-circle\" src=\"https:\/\/www.vista-pro.com\/wp-content\/uploads\/2022\/05\/google-vp-1-compress-360x360.png\" width=\"32\" height=\"32\" alt=\"\">\n\t<\/div>\n\t<a href=\"https:\/\/www.vista-pro.com\/hr\/agency\/vista-pro\/\" role=\"link\">Vista Pro<\/a>\n<\/div><!-- item-author -->\n\t\t\t\t<div class=\"ms-auto\">\n\t\t\t\t\t<div class=\"item-date d-flex align-items-center gap-1\">\n\t<i class=\"houzez-icon icon-attachment me-1\"><\/i>\n\tPrije 3 mjeseca<\/div><!-- item-date -->\n\t\t\t\t<\/div>\n\t\t\t<\/div>\n\t\t\t\t\t<\/div>\n\t<\/div>\n<\/div><div class=\"item-listing-wrap hz-item-gallery-js item-listing-wrap-v1 item-listing-wrap-v2 hz-map-trigger\" data-hz-id=\"30844\" >\n\t<div class=\"item-wrap item-wrap-no-frame\">\n\t\t<div class=\"d-flex flex-md-row flex-column align-items-center\">\n\t\t\t<div class=\"item-header\">\n\t\t\t\t\t\t\t\t<div class=\"labels-wrap mb-2 d-block d-md-none\" role=\"group\">\n\t\t\t\t\t<a href=\"https:\/\/www.vista-pro.com\/hr\/status\/for-sale\/\" class=\"label-status label me-1 status-color-30\">\n\t\t\t\t\tZa Prodaju\n\t\t\t\t<\/a><a href=\"https:\/\/www.vista-pro.com\/hr\/label\/hot-offer\/\" class=\"hz-label label me-1 label-color-33\">\n\t\t\t\t\tHot Ponuda\n\t\t\t\t<\/a>\t\t\t\t<\/div>\n\t\t\t\t<ul class=\"item-price-wrap d-flex d-md-none flex-column gap-2\" role=\"list\">\n\t\t\t\t\t<li class=\"item-price\"><span class=\"price\">115.000 \u20ac<\/span><\/li><li class=\"item-sub-price\"><span class=\"price\">4.259 \u20ac<\/span><span class=\"price-postfix\">\/m\u00b2<\/span><\/li>\t\t\t\t<\/ul>\n\t\t\t\t<ul class=\"item-tools d-flex align-items-center justify-content-center gap-1\">\n        <li class=\"item-tool item-preview\">\n        <span class=\"hz-show-lightbox-js item-tool-preview text-center\" data-listid=\"30844\">\n            <span data-bs-toggle=\"tooltip\" data-bs-placement=\"top\" title=\"Pregled\">\n                <i class=\"houzez-icon icon-expand-3\"><\/i>   \n            <\/span>\n        <\/span><!-- item-tool-favorite -->\n    <\/li><!-- item-tool -->\n        \n        <li class=\"item-tool item-favorite\">\n        <span class=\"add-favorite-js item-tool-favorite text-center\" data-bs-toggle=\"tooltip\" data-bs-placement=\"top\" title=\"Omiljeni\" data-listid=\"30844\">\n            <i class=\"houzez-icon icon-love-it\"><\/i>\n        <\/span><!-- item-tool-favorite -->\n    <\/li><!-- item-tool -->\n    \n        <li class=\"item-tool item-compare\">\n        <span class=\"houzez_compare compare-30844 item-tool-compare text-center\" data-bs-toggle=\"tooltip\" data-bs-placement=\"top\" title=\"Dodaj u usporedbu\" data-listing_id=\"30844\" data-listing_image=\"https:\/\/cdn.vista-pro.com\/wp-content\/uploads\/2025\/11\/apartmen-buje-for-sale-10.jpg?strip=all&amp;quality=70&amp;webp=70&amp;avif=70&amp;sharp=1&amp;fit=1170%2C794\">\n            <i class=\"houzez-icon icon-add-circle\"><\/i>\n            <!-- <i class=\"houzez-icon icon-subtract-circle\"><\/i> -->\n        <\/span><!-- item-tool-compare -->\n    <\/li><!-- item-tool -->\n    <\/ul><!-- item-tools -->\n\t\t\t\t<div class=\"listing-image-wrap\">\n\t<div class=\"listing-thumb\">\n\t\t<a target=\"_self\" href=\"https:\/\/www.vista-pro.com\/hr\/real-estate\/novigrad-mareda-studio-apartment-near-the-sea-and-beach\/\" class=\"listing-featured-thumb hover-effect image-wrap\" role=\"link\">\n\t\t\t<img decoding=\"async\" width=\"1170\" height=\"794\" src=\"https:\/\/cdn.vista-pro.com\/wp-content\/uploads\/2025\/11\/apartmen-buje-for-sale-10.jpg?strip=all&amp;quality=70&amp;webp=70&amp;avif=70&amp;sharp=1&amp;fit=1170%2C794\" class=\"img-fluid wp-post-image\" alt=\"Stan Buje na prodaju\" srcset=\"https:\/\/cdn.vista-pro.com\/wp-content\/uploads\/2025\/11\/apartmen-buje-for-sale-10.jpg?strip=all&amp;quality=70&amp;webp=70&amp;avif=70&amp;sharp=1 2122w, https:\/\/cdn.vista-pro.com\/wp-content\/uploads\/2025\/11\/apartmen-buje-for-sale-10-1536x1042.jpg?strip=all&amp;quality=70&amp;webp=70&amp;avif=70&amp;sharp=1 1536w, https:\/\/cdn.vista-pro.com\/wp-content\/uploads\/2025\/11\/apartmen-buje-for-sale-10-2048x1390.jpg?strip=all&amp;quality=70&amp;webp=70&amp;avif=70&amp;sharp=1 2048w, https:\/\/cdn.vista-pro.com\/wp-content\/uploads\/2025\/11\/apartmen-buje-for-sale-10-18x12.jpg?strip=all&amp;quality=70&amp;webp=70&amp;avif=70&amp;sharp=1 18w, https:\/\/cdn.vista-pro.com\/wp-content\/uploads\/2025\/11\/apartmen-buje-for-sale-10.jpg?strip=all&amp;quality=70&amp;webp=70&amp;avif=70&amp;sharp=1&amp;w=424 424w, https:\/\/cdn.vista-pro.com\/wp-content\/uploads\/2025\/11\/apartmen-buje-for-sale-10.jpg?strip=all&amp;quality=70&amp;webp=70&amp;avif=70&amp;sharp=1&amp;w=848 848w, https:\/\/cdn.vista-pro.com\/wp-content\/uploads\/2025\/11\/apartmen-buje-for-sale-10.jpg?strip=all&amp;quality=70&amp;webp=70&amp;avif=70&amp;sharp=1&amp;w=1273 1273w, https:\/\/cdn.vista-pro.com\/wp-content\/uploads\/2025\/11\/apartmen-buje-for-sale-10.jpg?strip=all&amp;quality=70&amp;webp=70&amp;avif=70&amp;sharp=1&amp;w=1697 1697w\" sizes=\"(max-width: 1170px) 100vw, 1170px\" \/>\t\t<\/a><!-- hover-effect -->\n\t<\/div>\n<\/div>\t\t\t<\/div>\n\t\t\t<div class=\"item-body flex-grow-1\">\n\t\t\t\t<div class=\"labels-wrap mb-2 d-sm-none d-md-block\" role=\"group\">\n\t\t\t\t\t<a href=\"https:\/\/www.vista-pro.com\/hr\/status\/for-sale\/\" class=\"label-status label me-1 status-color-30\">\n\t\t\t\t\tZa Prodaju\n\t\t\t\t<\/a><a href=\"https:\/\/www.vista-pro.com\/hr\/label\/hot-offer\/\" class=\"hz-label label me-1 label-color-33\">\n\t\t\t\t\tHot Ponuda\n\t\t\t\t<\/a>\t\t\t\t<\/div>\n\t\t\t\t<h2 class=\"item-title mb-2 col-12 text-truncate\">\n\t<a target=\"_self\" href=\"https:\/\/www.vista-pro.com\/hr\/real-estate\/novigrad-mareda-studio-apartment-near-the-sea-and-beach\/\" role=\"link\">Novigrad, Mareda | Studio apartman blizu mora i pla\u017ee<\/a>\n<\/h2><!-- item-title -->\t\t\t\t<ul class=\"item-price-wrap d-none d-md-flex flex-column gap-2 align-items-end\" role=\"list\">\n\t\t\t\t\t<li class=\"item-price\"><span class=\"price\">115.000 \u20ac<\/span><\/li><li class=\"item-sub-price\"><span class=\"price\">4.259 \u20ac<\/span><span class=\"price-postfix\">\/m\u00b2<\/span><\/li>\t\t\t\t<\/ul>\n\t\t\t\t<address class=\"item-address mb-2\"><i class=\"houzez-icon icon-pin me-1\" aria-hidden=\"true\"><\/i><span>Hrvatska, Istra, Novigrad, Mareda<\/span><\/address>\t\t\t\t<ul class=\"item-amenities d-flex flex-wrap align-items-center gap-2 mb-2 item-amenities-with-icons\" role=\"list\">\n\t<li class=\"h-area d-flex align-items-center me-1\"><i class=\"houzez-icon icon-ruler-triangle me-2\"><\/i><span class=\"hz-figure me-1\">27<\/span> <span class=\"hz-figure area_postfix\">m\u00b2<\/span><\/li><li class=\"h-baths d-flex align-items-center me-1\"><i class=\"houzez-icon icon-bathroom-shower-1 me-2\"><\/i><span class=\"item-amenities-text\">Kupka:<\/span> <span class=\"hz-figure\">1<\/span><\/li><li class=\"h-type d-flex w-100\" role=\"listitem\"><span>Apartman, Stambena Nekretnina<\/span><\/li><\/ul>\t\t\t\t<a class=\"btn btn-primary btn-item\" target=\"_self\" href=\"https:\/\/www.vista-pro.com\/hr\/real-estate\/novigrad-mareda-studio-apartment-near-the-sea-and-beach\/\">\n\tPojedinosti<\/a><!-- btn-item -->\n\t\t\t\t\t\t\t\t<div class=\"d-flex align-items-center justify-content-start d-none d-md-flex gap-3\">\n\t\t\t\t\t<div class=\"item-author d-flex align-items-center gap-1\">\n\t<div class=\"item-author-image me-2\" role=\"img\">\n\t\t<img decoding=\"async\" class=\"rounded-circle\" src=\"https:\/\/www.vista-pro.com\/wp-content\/uploads\/2022\/05\/google-vp-1-compress-360x360.png\" width=\"32\" height=\"32\" alt=\"\">\n\t<\/div>\n\t<a href=\"https:\/\/www.vista-pro.com\/hr\/agency\/vista-pro\/\" role=\"link\">Vista Pro<\/a>\n<\/div><!-- item-author -->\n\t\t\t\t\t<div class=\"item-date d-flex align-items-center gap-1\">\n\t<i class=\"houzez-icon icon-attachment me-1\"><\/i>\n\tprije 6 mjeseci<\/div><!-- item-date -->\n\t\t\t\t<\/div>\n\t\t\t\t\t\t\t<\/div>\n\t\t\t\t\t\t<div class=\"item-footer d-md-none d-flex justify-content-between w-100\">\n\t\t\t\t<div class=\"item-author d-flex align-items-center gap-1\">\n\t<div class=\"item-author-image me-2\" role=\"img\">\n\t\t<img decoding=\"async\" class=\"rounded-circle\" src=\"https:\/\/www.vista-pro.com\/wp-content\/uploads\/2022\/05\/google-vp-1-compress-360x360.png\" width=\"32\" height=\"32\" alt=\"\">\n\t<\/div>\n\t<a href=\"https:\/\/www.vista-pro.com\/hr\/agency\/vista-pro\/\" role=\"link\">Vista Pro<\/a>\n<\/div><!-- item-author -->\n\t\t\t\t<div class=\"ms-auto\">\n\t\t\t\t\t<div class=\"item-date d-flex align-items-center gap-1\">\n\t<i class=\"houzez-icon icon-attachment me-1\"><\/i>\n\tprije 6 mjeseci<\/div><!-- item-date -->\n\t\t\t\t<\/div>\n\t\t\t<\/div>\n\t\t\t\t\t<\/div>\n\t<\/div>\n<\/div><div class=\"item-listing-wrap hz-item-gallery-js item-listing-wrap-v1 item-listing-wrap-v2 hz-map-trigger\" data-hz-id=\"30660\" >\n\t<div class=\"item-wrap item-wrap-no-frame\">\n\t\t<div class=\"d-flex flex-md-row flex-column align-items-center\">\n\t\t\t<div class=\"item-header\">\n\t\t\t\t\t\t\t\t<div class=\"labels-wrap mb-2 d-block d-md-none\" role=\"group\">\n\t\t\t\t\t<a href=\"https:\/\/www.vista-pro.com\/hr\/status\/for-sale\/\" class=\"label-status label me-1 status-color-30\">\n\t\t\t\t\tZa Prodaju\n\t\t\t\t<\/a><a href=\"https:\/\/www.vista-pro.com\/hr\/label\/exclusive\/\" class=\"hz-label label me-1 label-color-405\">\n\t\t\t\t\tEkskluzivno\n\t\t\t\t<\/a><a href=\"https:\/\/www.vista-pro.com\/hr\/label\/hot-offer\/\" class=\"hz-label label me-1 label-color-33\">\n\t\t\t\t\tHot Ponuda\n\t\t\t\t<\/a>\t\t\t\t<\/div>\n\t\t\t\t<ul class=\"item-price-wrap d-flex d-md-none flex-column gap-2\" role=\"list\">\n\t\t\t\t\t<li class=\"item-price\"><span class=\"price\">225.000 \u20ac<\/span><\/li><li class=\"item-sub-price\"><span class=\"price\">3.668 \u20ac<\/span><span class=\"price-postfix\">\/m\u00b2<\/span><\/li>\t\t\t\t<\/ul>\n\t\t\t\t<ul class=\"item-tools d-flex align-items-center justify-content-center gap-1\">\n        <li class=\"item-tool item-preview\">\n        <span class=\"hz-show-lightbox-js item-tool-preview text-center\" data-listid=\"30660\">\n            <span data-bs-toggle=\"tooltip\" data-bs-placement=\"top\" title=\"Pregled\">\n                <i class=\"houzez-icon icon-expand-3\"><\/i>   \n            <\/span>\n        <\/span><!-- item-tool-favorite -->\n    <\/li><!-- item-tool -->\n        \n        <li class=\"item-tool item-favorite\">\n        <span class=\"add-favorite-js item-tool-favorite text-center\" data-bs-toggle=\"tooltip\" data-bs-placement=\"top\" title=\"Omiljeni\" data-listid=\"30660\">\n            <i class=\"houzez-icon icon-love-it\"><\/i>\n        <\/span><!-- item-tool-favorite -->\n    <\/li><!-- item-tool -->\n    \n        <li class=\"item-tool item-compare\">\n        <span class=\"houzez_compare compare-30660 item-tool-compare text-center\" data-bs-toggle=\"tooltip\" data-bs-placement=\"top\" title=\"Dodaj u usporedbu\" data-listing_id=\"30660\" data-listing_image=\"https:\/\/cdn.vista-pro.com\/wp-content\/uploads\/2025\/08\/apartmen-buje-for-sale-17.jpg?strip=all&amp;quality=70&amp;webp=70&amp;avif=70&amp;sharp=1&amp;fit=1170%2C778\">\n            <i class=\"houzez-icon icon-add-circle\"><\/i>\n            <!-- <i class=\"houzez-icon icon-subtract-circle\"><\/i> -->\n        <\/span><!-- item-tool-compare -->\n    <\/li><!-- item-tool -->\n    <\/ul><!-- item-tools -->\n\t\t\t\t<div class=\"listing-image-wrap\">\n\t<div class=\"listing-thumb\">\n\t\t<a target=\"_self\" href=\"https:\/\/www.vista-pro.com\/hr\/real-estate\/mareda-novigrad-flat-with-panoramic-sea-view-200m-from-the-beach\/\" class=\"listing-featured-thumb hover-effect image-wrap\" role=\"link\">\n\t\t\t<img loading=\"lazy\" decoding=\"async\" width=\"1170\" height=\"778\" src=\"https:\/\/cdn.vista-pro.com\/wp-content\/uploads\/2025\/08\/apartmen-buje-for-sale-17.jpg?strip=all&amp;quality=70&amp;webp=70&amp;avif=70&amp;sharp=1&amp;fit=1170%2C778\" class=\"img-fluid wp-post-image\" alt=\"Stan Buje na prodaju\" srcset=\"https:\/\/cdn.vista-pro.com\/wp-content\/uploads\/2025\/08\/apartmen-buje-for-sale-17.jpg?strip=all&amp;quality=70&amp;webp=70&amp;avif=70&amp;sharp=1 2160w, https:\/\/cdn.vista-pro.com\/wp-content\/uploads\/2025\/08\/apartmen-buje-for-sale-17-1536x1021.jpg?strip=all&amp;quality=70&amp;webp=70&amp;avif=70&amp;sharp=1 1536w, https:\/\/cdn.vista-pro.com\/wp-content\/uploads\/2025\/08\/apartmen-buje-for-sale-17-2048x1362.jpg?strip=all&amp;quality=70&amp;webp=70&amp;avif=70&amp;sharp=1 2048w, https:\/\/cdn.vista-pro.com\/wp-content\/uploads\/2025\/08\/apartmen-buje-for-sale-17-18x12.jpg?strip=all&amp;quality=70&amp;webp=70&amp;avif=70&amp;sharp=1 18w, https:\/\/cdn.vista-pro.com\/wp-content\/uploads\/2025\/08\/apartmen-buje-for-sale-17.jpg?strip=all&amp;quality=70&amp;webp=70&amp;avif=70&amp;sharp=1&amp;w=432 432w, https:\/\/cdn.vista-pro.com\/wp-content\/uploads\/2025\/08\/apartmen-buje-for-sale-17.jpg?strip=all&amp;quality=70&amp;webp=70&amp;avif=70&amp;sharp=1&amp;w=864 864w, https:\/\/cdn.vista-pro.com\/wp-content\/uploads\/2025\/08\/apartmen-buje-for-sale-17.jpg?strip=all&amp;quality=70&amp;webp=70&amp;avif=70&amp;sharp=1&amp;w=1296 1296w, https:\/\/cdn.vista-pro.com\/wp-content\/uploads\/2025\/08\/apartmen-buje-for-sale-17.jpg?strip=all&amp;quality=70&amp;webp=70&amp;avif=70&amp;sharp=1&amp;w=1728 1728w\" sizes=\"(max-width: 1170px) 100vw, 1170px\" \/>\t\t<\/a><!-- hover-effect -->\n\t<\/div>\n<\/div>\t\t\t<\/div>\n\t\t\t<div class=\"item-body flex-grow-1\">\n\t\t\t\t<div class=\"labels-wrap mb-2 d-sm-none d-md-block\" role=\"group\">\n\t\t\t\t\t<a href=\"https:\/\/www.vista-pro.com\/hr\/status\/for-sale\/\" class=\"label-status label me-1 status-color-30\">\n\t\t\t\t\tZa Prodaju\n\t\t\t\t<\/a><a href=\"https:\/\/www.vista-pro.com\/hr\/label\/exclusive\/\" class=\"hz-label label me-1 label-color-405\">\n\t\t\t\t\tEkskluzivno\n\t\t\t\t<\/a><a href=\"https:\/\/www.vista-pro.com\/hr\/label\/hot-offer\/\" class=\"hz-label label me-1 label-color-33\">\n\t\t\t\t\tHot Ponuda\n\t\t\t\t<\/a>\t\t\t\t<\/div>\n\t\t\t\t<h2 class=\"item-title mb-2 col-12 text-truncate\">\n\t<a target=\"_self\" href=\"https:\/\/www.vista-pro.com\/hr\/real-estate\/mareda-novigrad-flat-with-panoramic-sea-view-200m-from-the-beach\/\" role=\"link\">Mareda | Novigrad | Stan s panoramskim pogledom na more 200m od pla\u017ee<\/a>\n<\/h2><!-- item-title -->\t\t\t\t<ul class=\"item-price-wrap d-none d-md-flex flex-column gap-2 align-items-end\" role=\"list\">\n\t\t\t\t\t<li class=\"item-price\"><span class=\"price\">225.000 \u20ac<\/span><\/li><li class=\"item-sub-price\"><span class=\"price\">3.668 \u20ac<\/span><span class=\"price-postfix\">\/m\u00b2<\/span><\/li>\t\t\t\t<\/ul>\n\t\t\t\t<address class=\"item-address mb-2\"><i class=\"houzez-icon icon-pin me-1\" aria-hidden=\"true\"><\/i><span>Hrvatska, Istra, Novigrad, Mareda, Novigrad (Naselja)<\/span><\/address>\t\t\t\t<ul class=\"item-amenities d-flex flex-wrap align-items-center gap-2 mb-2 item-amenities-with-icons\" role=\"list\">\n\t<li class=\"h-area d-flex align-items-center me-1\"><i class=\"houzez-icon icon-ruler-triangle me-2\"><\/i><span class=\"hz-figure me-1\">61.34<\/span> <span class=\"hz-figure area_postfix\">m\u00b2<\/span><\/li><li class=\"h-beds d-flex align-items-center me-1\"><i class=\"houzez-icon icon-hotel-double-bed-1 me-2\"><\/i><span class=\"item-amenities-text\">Kreveti:<\/span> <span class=\"hz-figure\">2<\/span><\/li><li class=\"h-baths d-flex align-items-center me-1\"><i class=\"houzez-icon icon-bathroom-shower-1 me-2\"><\/i><span class=\"item-amenities-text\">Kupka:<\/span> <span class=\"hz-figure\">1<\/span><\/li><li class=\"h-type d-flex w-100\" role=\"listitem\"><span>Stan, Stambena nekretnina<\/span><\/li><\/ul>\t\t\t\t<a class=\"btn btn-primary btn-item\" target=\"_self\" href=\"https:\/\/www.vista-pro.com\/hr\/real-estate\/mareda-novigrad-flat-with-panoramic-sea-view-200m-from-the-beach\/\">\n\tPojedinosti<\/a><!-- btn-item -->\n\t\t\t\t\t\t\t\t<div class=\"d-flex align-items-center justify-content-start d-none d-md-flex gap-3\">\n\t\t\t\t\t<div class=\"item-author d-flex align-items-center gap-1\">\n\t<div class=\"item-author-image me-2\" role=\"img\">\n\t\t<img decoding=\"async\" class=\"rounded-circle\" src=\"https:\/\/www.vista-pro.com\/wp-content\/uploads\/2022\/05\/google-vp-1-compress-360x360.png\" width=\"32\" height=\"32\" alt=\"\">\n\t<\/div>\n\t<a href=\"https:\/\/www.vista-pro.com\/hr\/agency\/vista-pro\/\" role=\"link\">Vista Pro<\/a>\n<\/div><!-- item-author -->\n\t\t\t\t\t<div class=\"item-date d-flex align-items-center gap-1\">\n\t<i class=\"houzez-icon icon-attachment me-1\"><\/i>\n\tprije 9 mjeseci<\/div><!-- item-date -->\n\t\t\t\t<\/div>\n\t\t\t\t\t\t\t<\/div>\n\t\t\t\t\t\t<div class=\"item-footer d-md-none d-flex justify-content-between w-100\">\n\t\t\t\t<div class=\"item-author d-flex align-items-center gap-1\">\n\t<div class=\"item-author-image me-2\" role=\"img\">\n\t\t<img decoding=\"async\" class=\"rounded-circle\" src=\"https:\/\/www.vista-pro.com\/wp-content\/uploads\/2022\/05\/google-vp-1-compress-360x360.png\" width=\"32\" height=\"32\" alt=\"\">\n\t<\/div>\n\t<a href=\"https:\/\/www.vista-pro.com\/hr\/agency\/vista-pro\/\" role=\"link\">Vista Pro<\/a>\n<\/div><!-- item-author -->\n\t\t\t\t<div class=\"ms-auto\">\n\t\t\t\t\t<div class=\"item-date d-flex align-items-center gap-1\">\n\t<i class=\"houzez-icon icon-attachment me-1\"><\/i>\n\tprije 9 mjeseci<\/div><!-- item-date -->\n\t\t\t\t<\/div>\n\t\t\t<\/div>\n\t\t\t\t\t<\/div>\n\t<\/div>\n<\/div><div class=\"item-listing-wrap hz-item-gallery-js item-listing-wrap-v1 item-listing-wrap-v2 hz-map-trigger\" data-hz-id=\"30469\" >\n\t<div class=\"item-wrap item-wrap-no-frame\">\n\t\t<div class=\"d-flex flex-md-row flex-column align-items-center\">\n\t\t\t<div class=\"item-header\">\n\t\t\t\t\t\t\t\t<div class=\"labels-wrap mb-2 d-block d-md-none\" role=\"group\">\n\t\t\t\t\t<a href=\"https:\/\/www.vista-pro.com\/hr\/status\/for-sale\/\" class=\"label-status label me-1 status-color-30\">\n\t\t\t\t\tZa Prodaju\n\t\t\t\t<\/a>\t\t\t\t<\/div>\n\t\t\t\t<ul class=\"item-price-wrap d-flex d-md-none flex-column gap-2\" role=\"list\">\n\t\t\t\t\t<li class=\"item-price\"><span class=\"price\">350.000 \u20ac<\/span><\/li><li class=\"item-sub-price\"><span class=\"price\">2.916 \u20ac<\/span><span class=\"price-postfix\">\/m\u00b2<\/span><\/li>\t\t\t\t<\/ul>\n\t\t\t\t<ul class=\"item-tools d-flex align-items-center justify-content-center gap-1\">\n        <li class=\"item-tool item-preview\">\n        <span class=\"hz-show-lightbox-js item-tool-preview text-center\" data-listid=\"30469\">\n            <span data-bs-toggle=\"tooltip\" data-bs-placement=\"top\" title=\"Pregled\">\n                <i class=\"houzez-icon icon-expand-3\"><\/i>   \n            <\/span>\n        <\/span><!-- item-tool-favorite -->\n    <\/li><!-- item-tool -->\n        \n        <li class=\"item-tool item-favorite\">\n        <span class=\"add-favorite-js item-tool-favorite text-center\" data-bs-toggle=\"tooltip\" data-bs-placement=\"top\" title=\"Omiljeni\" data-listid=\"30469\">\n            <i class=\"houzez-icon icon-love-it\"><\/i>\n        <\/span><!-- item-tool-favorite -->\n    <\/li><!-- item-tool -->\n    \n        <li class=\"item-tool item-compare\">\n        <span class=\"houzez_compare compare-30469 item-tool-compare text-center\" data-bs-toggle=\"tooltip\" data-bs-placement=\"top\" title=\"Dodaj u usporedbu\" data-listing_id=\"30469\" data-listing_image=\"https:\/\/cdn.vista-pro.com\/wp-content\/uploads\/2025\/03\/novigrad-dajla-house-in-a-row-200-meters-from-the-sea-with-a-sea-view-20.jpg?strip=all&amp;quality=70&amp;webp=70&amp;avif=70&amp;sharp=1&amp;fit=1170%2C775\">\n            <i class=\"houzez-icon icon-add-circle\"><\/i>\n            <!-- <i class=\"houzez-icon icon-subtract-circle\"><\/i> -->\n        <\/span><!-- item-tool-compare -->\n    <\/li><!-- item-tool -->\n    <\/ul><!-- item-tools -->\n\t\t\t\t<div class=\"listing-image-wrap\">\n\t<div class=\"listing-thumb\">\n\t\t<a target=\"_self\" href=\"https:\/\/www.vista-pro.com\/hr\/real-estate\/novigrad-dajla-house-in-a-row-200-meters-from-the-sea-with-a-sea-view\/\" class=\"listing-featured-thumb hover-effect image-wrap\" role=\"link\">\n\t\t\t<img loading=\"lazy\" decoding=\"async\" width=\"1170\" height=\"775\" src=\"https:\/\/cdn.vista-pro.com\/wp-content\/uploads\/2025\/03\/novigrad-dajla-house-in-a-row-200-meters-from-the-sea-with-a-sea-view-20.jpg?strip=all&amp;quality=70&amp;webp=70&amp;avif=70&amp;sharp=1&amp;fit=1170%2C775\" class=\"img-fluid wp-post-image\" alt=\"novigrad dajla ku\u0107a u nizu metara od mora sa pogledom na more\" srcset=\"https:\/\/cdn.vista-pro.com\/wp-content\/uploads\/2025\/03\/novigrad-dajla-house-in-a-row-200-meters-from-the-sea-with-a-sea-view-20.jpg?strip=all&amp;quality=70&amp;webp=70&amp;avif=70&amp;sharp=1 2160w, https:\/\/cdn.vista-pro.com\/wp-content\/uploads\/2025\/03\/novigrad-dajla-house-in-a-row-200-meters-from-the-sea-with-a-sea-view-20-720x477.jpg?strip=all&amp;quality=70&amp;webp=70&amp;avif=70&amp;sharp=1 720w, https:\/\/cdn.vista-pro.com\/wp-content\/uploads\/2025\/03\/novigrad-dajla-house-in-a-row-200-meters-from-the-sea-with-a-sea-view-20-1280x848.jpg?strip=all&amp;quality=70&amp;webp=70&amp;avif=70&amp;sharp=1 1280w, https:\/\/cdn.vista-pro.com\/wp-content\/uploads\/2025\/03\/novigrad-dajla-house-in-a-row-200-meters-from-the-sea-with-a-sea-view-20-768x509.jpg?strip=all&amp;quality=70&amp;webp=70&amp;avif=70&amp;sharp=1 768w, https:\/\/cdn.vista-pro.com\/wp-content\/uploads\/2025\/03\/novigrad-dajla-house-in-a-row-200-meters-from-the-sea-with-a-sea-view-20-1536x1018.jpg?strip=all&amp;quality=70&amp;webp=70&amp;avif=70&amp;sharp=1 1536w, https:\/\/cdn.vista-pro.com\/wp-content\/uploads\/2025\/03\/novigrad-dajla-house-in-a-row-200-meters-from-the-sea-with-a-sea-view-20-2048x1357.jpg?strip=all&amp;quality=70&amp;webp=70&amp;avif=70&amp;sharp=1 2048w, https:\/\/cdn.vista-pro.com\/wp-content\/uploads\/2025\/03\/novigrad-dajla-house-in-a-row-200-meters-from-the-sea-with-a-sea-view-20-18x12.jpg?strip=all&amp;quality=70&amp;webp=70&amp;avif=70&amp;sharp=1 18w, https:\/\/cdn.vista-pro.com\/wp-content\/uploads\/2025\/03\/novigrad-dajla-house-in-a-row-200-meters-from-the-sea-with-a-sea-view-20-906x600.jpg?strip=all&amp;quality=70&amp;webp=70&amp;avif=70&amp;sharp=1 906w, https:\/\/cdn.vista-pro.com\/wp-content\/uploads\/2025\/03\/novigrad-dajla-house-in-a-row-200-meters-from-the-sea-with-a-sea-view-20-496x329.jpg?strip=all&amp;quality=70&amp;webp=70&amp;avif=70&amp;sharp=1 496w, https:\/\/cdn.vista-pro.com\/wp-content\/uploads\/2025\/03\/novigrad-dajla-house-in-a-row-200-meters-from-the-sea-with-a-sea-view-20.jpg?strip=all&amp;quality=70&amp;webp=70&amp;avif=70&amp;sharp=1&amp;w=432 432w, https:\/\/cdn.vista-pro.com\/wp-content\/uploads\/2025\/03\/novigrad-dajla-house-in-a-row-200-meters-from-the-sea-with-a-sea-view-20.jpg?strip=all&amp;quality=70&amp;webp=70&amp;avif=70&amp;sharp=1&amp;w=1728 1728w\" sizes=\"(max-width: 1170px) 100vw, 1170px\" \/>\t\t<\/a><!-- hover-effect -->\n\t<\/div>\n<\/div>\t\t\t<\/div>\n\t\t\t<div class=\"item-body flex-grow-1\">\n\t\t\t\t<div class=\"labels-wrap mb-2 d-sm-none d-md-block\" role=\"group\">\n\t\t\t\t\t<a href=\"https:\/\/www.vista-pro.com\/hr\/status\/for-sale\/\" class=\"label-status label me-1 status-color-30\">\n\t\t\t\t\tZa Prodaju\n\t\t\t\t<\/a>\t\t\t\t<\/div>\n\t\t\t\t<h2 class=\"item-title mb-2 col-12 text-truncate\">\n\t<a target=\"_self\" href=\"https:\/\/www.vista-pro.com\/hr\/real-estate\/novigrad-dajla-house-in-a-row-200-meters-from-the-sea-with-a-sea-view\/\" role=\"link\">Novigrad | Dajla | Ku\u0107a u nizu 200 metara od mora s pogledom na more<\/a>\n<\/h2><!-- item-title -->\t\t\t\t<ul class=\"item-price-wrap d-none d-md-flex flex-column gap-2 align-items-end\" role=\"list\">\n\t\t\t\t\t<li class=\"item-price\"><span class=\"price\">350.000 \u20ac<\/span><\/li><li class=\"item-sub-price\"><span class=\"price\">2.916 \u20ac<\/span><span class=\"price-postfix\">\/m\u00b2<\/span><\/li>\t\t\t\t<\/ul>\n\t\t\t\t<address class=\"item-address mb-2\"><i class=\"houzez-icon icon-pin me-1\" aria-hidden=\"true\"><\/i><span>Hrvatska, Istra, Novigrad, Dajla<\/span><\/address>\t\t\t\t<ul class=\"item-amenities d-flex flex-wrap align-items-center gap-2 mb-2 item-amenities-with-icons\" role=\"list\">\n\t<li class=\"h-area d-flex align-items-center me-1\"><i class=\"houzez-icon icon-ruler-triangle me-2\"><\/i><span class=\"hz-figure me-1\">120<\/span> <span class=\"hz-figure area_postfix\">m\u00b2<\/span><\/li><li class=\"h-land-area me-1\"><i class=\"houzez-icon icon-real-estate-dimensions-map me-2\"><\/i><span>132<\/span> m\u00b2<\/li><li class=\"h-beds d-flex align-items-center me-1\"><i class=\"houzez-icon icon-hotel-double-bed-1 me-2\"><\/i><span class=\"item-amenities-text\">Kreveti:<\/span> <span class=\"hz-figure\">3<\/span><\/li><li class=\"h-baths d-flex align-items-center me-1\"><i class=\"houzez-icon icon-bathroom-shower-1 me-2\"><\/i><span class=\"item-amenities-text\">kupke:<\/span> <span class=\"hz-figure\">2<\/span><\/li><li class=\"h-type d-flex w-100\" role=\"listitem\"><span>Ku\u0107a, Stambena Nekretnina<\/span><\/li><\/ul>\t\t\t\t<a class=\"btn btn-primary btn-item\" target=\"_self\" href=\"https:\/\/www.vista-pro.com\/hr\/real-estate\/novigrad-dajla-house-in-a-row-200-meters-from-the-sea-with-a-sea-view\/\">\n\tPojedinosti<\/a><!-- btn-item -->\n\t\t\t\t\t\t\t\t<div class=\"d-flex align-items-center justify-content-start d-none d-md-flex gap-3\">\n\t\t\t\t\t<div class=\"item-author d-flex align-items-center gap-1\">\n\t<div class=\"item-author-image me-2\" role=\"img\">\n\t\t<img decoding=\"async\" class=\"rounded-circle\" src=\"https:\/\/www.vista-pro.com\/wp-content\/uploads\/2022\/05\/google-vp-1-compress-360x360.png\" width=\"32\" height=\"32\" alt=\"\">\n\t<\/div>\n\t<a href=\"https:\/\/www.vista-pro.com\/hr\/agency\/vista-pro\/\" role=\"link\">Vista Pro<\/a>\n<\/div><!-- item-author -->\n\t\t\t\t\t<div class=\"item-date d-flex align-items-center gap-1\">\n\t<i class=\"houzez-icon icon-attachment me-1\"><\/i>\n\tprije 1 godinu<\/div><!-- item-date -->\n\t\t\t\t<\/div>\n\t\t\t\t\t\t\t<\/div>\n\t\t\t\t\t\t<div class=\"item-footer d-md-none d-flex justify-content-between w-100\">\n\t\t\t\t<div class=\"item-author d-flex align-items-center gap-1\">\n\t<div class=\"item-author-image me-2\" role=\"img\">\n\t\t<img decoding=\"async\" class=\"rounded-circle\" src=\"https:\/\/www.vista-pro.com\/wp-content\/uploads\/2022\/05\/google-vp-1-compress-360x360.png\" width=\"32\" height=\"32\" alt=\"\">\n\t<\/div>\n\t<a href=\"https:\/\/www.vista-pro.com\/hr\/agency\/vista-pro\/\" role=\"link\">Vista Pro<\/a>\n<\/div><!-- item-author -->\n\t\t\t\t<div class=\"ms-auto\">\n\t\t\t\t\t<div class=\"item-date d-flex align-items-center gap-1\">\n\t<i class=\"houzez-icon icon-attachment me-1\"><\/i>\n\tprije 1 godinu<\/div><!-- item-date -->\n\t\t\t\t<\/div>\n\t\t\t<\/div>\n\t\t\t\t\t<\/div>\n\t<\/div>\n<\/div><div class=\"item-listing-wrap hz-item-gallery-js item-listing-wrap-v1 item-listing-wrap-v2 hz-map-trigger\" data-hz-id=\"30429\" >\n\t<div class=\"item-wrap item-wrap-no-frame\">\n\t\t<div class=\"d-flex flex-md-row flex-column align-items-center\">\n\t\t\t<div class=\"item-header\">\n\t\t\t\t\t\t\t\t<div class=\"labels-wrap mb-2 d-block d-md-none\" role=\"group\">\n\t\t\t\t\t<a href=\"https:\/\/www.vista-pro.com\/hr\/status\/for-sale\/\" class=\"label-status label me-1 status-color-30\">\n\t\t\t\t\tZa Prodaju\n\t\t\t\t<\/a><a href=\"https:\/\/www.vista-pro.com\/hr\/label\/hot-offer\/\" class=\"hz-label label me-1 label-color-33\">\n\t\t\t\t\tHot Ponuda\n\t\t\t\t<\/a>\t\t\t\t<\/div>\n\t\t\t\t<ul class=\"item-price-wrap d-flex d-md-none flex-column gap-2\" role=\"list\">\n\t\t\t\t\t<li class=\"item-price\"><span class=\"price\">269.000 \u20ac<\/span><\/li><li class=\"item-sub-price\"><span class=\"price\">4.410 \u20ac<\/span><span class=\"price-postfix\">\/m\u00b2<\/span><\/li>\t\t\t\t<\/ul>\n\t\t\t\t<ul class=\"item-tools d-flex align-items-center justify-content-center gap-1\">\n        <li class=\"item-tool item-preview\">\n        <span class=\"hz-show-lightbox-js item-tool-preview text-center\" data-listid=\"30429\">\n            <span data-bs-toggle=\"tooltip\" data-bs-placement=\"top\" title=\"Pregled\">\n                <i class=\"houzez-icon icon-expand-3\"><\/i>   \n            <\/span>\n        <\/span><!-- item-tool-favorite -->\n    <\/li><!-- item-tool -->\n        \n        <li class=\"item-tool item-favorite\">\n        <span class=\"add-favorite-js item-tool-favorite text-center\" data-bs-toggle=\"tooltip\" data-bs-placement=\"top\" title=\"Omiljeni\" data-listid=\"30429\">\n            <i class=\"houzez-icon icon-love-it\"><\/i>\n        <\/span><!-- item-tool-favorite -->\n    <\/li><!-- item-tool -->\n    \n        <li class=\"item-tool item-compare\">\n        <span class=\"houzez_compare compare-30429 item-tool-compare text-center\" data-bs-toggle=\"tooltip\" data-bs-placement=\"top\" title=\"Dodaj u usporedbu\" data-listing_id=\"30429\" data-listing_image=\"https:\/\/cdn.vista-pro.com\/wp-content\/uploads\/2025\/03\/novigrad-ground-floor-flat-near-the-center-and-the-sea-10.jpg?strip=all&amp;quality=70&amp;webp=70&amp;avif=70&amp;sharp=1&amp;fit=1170%2C780\">\n            <i class=\"houzez-icon icon-add-circle\"><\/i>\n            <!-- <i class=\"houzez-icon icon-subtract-circle\"><\/i> -->\n        <\/span><!-- item-tool-compare -->\n    <\/li><!-- item-tool -->\n    <\/ul><!-- item-tools -->\n\t\t\t\t<div class=\"listing-image-wrap\">\n\t<div class=\"listing-thumb\">\n\t\t<a target=\"_self\" href=\"https:\/\/www.vista-pro.com\/hr\/real-estate\/novigrad-ground-floor-flat-near-the-center-and-the-sea\/\" class=\"listing-featured-thumb hover-effect image-wrap\" role=\"link\">\n\t\t\t<img loading=\"lazy\" decoding=\"async\" width=\"1170\" height=\"780\" src=\"https:\/\/cdn.vista-pro.com\/wp-content\/uploads\/2025\/03\/novigrad-ground-floor-flat-near-the-center-and-the-sea-10.jpg?strip=all&amp;quality=70&amp;webp=70&amp;avif=70&amp;sharp=1&amp;fit=1170%2C780\" class=\"img-fluid wp-post-image\" alt=\"novigrad prizemlje blizu centra i mora\" srcset=\"https:\/\/cdn.vista-pro.com\/wp-content\/uploads\/2025\/03\/novigrad-ground-floor-flat-near-the-center-and-the-sea-10.jpg?strip=all&amp;quality=70&amp;webp=70&amp;avif=70&amp;sharp=1 2160w, https:\/\/cdn.vista-pro.com\/wp-content\/uploads\/2025\/03\/novigrad-ground-floor-flat-near-the-center-and-the-sea-10-720x480.jpg?strip=all&amp;quality=70&amp;webp=70&amp;avif=70&amp;sharp=1 720w, https:\/\/cdn.vista-pro.com\/wp-content\/uploads\/2025\/03\/novigrad-ground-floor-flat-near-the-center-and-the-sea-10-1280x853.jpg?strip=all&amp;quality=70&amp;webp=70&amp;avif=70&amp;sharp=1 1280w, https:\/\/cdn.vista-pro.com\/wp-content\/uploads\/2025\/03\/novigrad-ground-floor-flat-near-the-center-and-the-sea-10-768x512.jpg?strip=all&amp;quality=70&amp;webp=70&amp;avif=70&amp;sharp=1 768w, https:\/\/cdn.vista-pro.com\/wp-content\/uploads\/2025\/03\/novigrad-ground-floor-flat-near-the-center-and-the-sea-10-1536x1024.jpg?strip=all&amp;quality=70&amp;webp=70&amp;avif=70&amp;sharp=1 1536w, https:\/\/cdn.vista-pro.com\/wp-content\/uploads\/2025\/03\/novigrad-ground-floor-flat-near-the-center-and-the-sea-10-2048x1365.jpg?strip=all&amp;quality=70&amp;webp=70&amp;avif=70&amp;sharp=1 2048w, https:\/\/cdn.vista-pro.com\/wp-content\/uploads\/2025\/03\/novigrad-ground-floor-flat-near-the-center-and-the-sea-10-18x12.jpg?strip=all&amp;quality=70&amp;webp=70&amp;avif=70&amp;sharp=1 18w, https:\/\/cdn.vista-pro.com\/wp-content\/uploads\/2025\/03\/novigrad-ground-floor-flat-near-the-center-and-the-sea-10-900x600.jpg?strip=all&amp;quality=70&amp;webp=70&amp;avif=70&amp;sharp=1 900w, https:\/\/cdn.vista-pro.com\/wp-content\/uploads\/2025\/03\/novigrad-ground-floor-flat-near-the-center-and-the-sea-10-496x331.jpg?strip=all&amp;quality=70&amp;webp=70&amp;avif=70&amp;sharp=1 496w, https:\/\/cdn.vista-pro.com\/wp-content\/uploads\/2025\/03\/novigrad-ground-floor-flat-near-the-center-and-the-sea-10.jpg?strip=all&amp;quality=70&amp;webp=70&amp;avif=70&amp;sharp=1&amp;w=432 432w, https:\/\/cdn.vista-pro.com\/wp-content\/uploads\/2025\/03\/novigrad-ground-floor-flat-near-the-center-and-the-sea-10.jpg?strip=all&amp;quality=70&amp;webp=70&amp;avif=70&amp;sharp=1&amp;w=1728 1728w\" sizes=\"(max-width: 1170px) 100vw, 1170px\" \/>\t\t<\/a><!-- hover-effect -->\n\t<\/div>\n<\/div>\t\t\t<\/div>\n\t\t\t<div class=\"item-body flex-grow-1\">\n\t\t\t\t<div class=\"labels-wrap mb-2 d-sm-none d-md-block\" role=\"group\">\n\t\t\t\t\t<a href=\"https:\/\/www.vista-pro.com\/hr\/status\/for-sale\/\" class=\"label-status label me-1 status-color-30\">\n\t\t\t\t\tZa Prodaju\n\t\t\t\t<\/a><a href=\"https:\/\/www.vista-pro.com\/hr\/label\/hot-offer\/\" class=\"hz-label label me-1 label-color-33\">\n\t\t\t\t\tHot Ponuda\n\t\t\t\t<\/a>\t\t\t\t<\/div>\n\t\t\t\t<h2 class=\"item-title mb-2 col-12 text-truncate\">\n\t<a target=\"_self\" href=\"https:\/\/www.vista-pro.com\/hr\/real-estate\/novigrad-ground-floor-flat-near-the-center-and-the-sea\/\" role=\"link\">Novigrad | Stan u prizemlju blizu centra i mora<\/a>\n<\/h2><!-- item-title -->\t\t\t\t<ul class=\"item-price-wrap d-none d-md-flex flex-column gap-2 align-items-end\" role=\"list\">\n\t\t\t\t\t<li class=\"item-price\"><span class=\"price\">269.000 \u20ac<\/span><\/li><li class=\"item-sub-price\"><span class=\"price\">4.410 \u20ac<\/span><span class=\"price-postfix\">\/m\u00b2<\/span><\/li>\t\t\t\t<\/ul>\n\t\t\t\t<address class=\"item-address mb-2\"><i class=\"houzez-icon icon-pin me-1\" aria-hidden=\"true\"><\/i><span>Hrvatska, Istra, Novigrad, Novigrad<\/span><\/address>\t\t\t\t<ul class=\"item-amenities d-flex flex-wrap align-items-center gap-2 mb-2 item-amenities-with-icons\" role=\"list\">\n\t<li class=\"h-area d-flex align-items-center me-1\"><i class=\"houzez-icon icon-ruler-triangle me-2\"><\/i><span class=\"hz-figure me-1\">61<\/span> <span class=\"hz-figure area_postfix\">m\u00b2<\/span><\/li><li class=\"h-land-area me-1\"><i class=\"houzez-icon icon-real-estate-dimensions-map me-2\"><\/i><span>35<\/span> m\u00b2<\/li><li class=\"h-beds d-flex align-items-center me-1\"><i class=\"houzez-icon icon-hotel-double-bed-1 me-2\"><\/i><span class=\"item-amenities-text\">Kreveti:<\/span> <span class=\"hz-figure\">2<\/span><\/li><li class=\"h-baths d-flex align-items-center me-1\"><i class=\"houzez-icon icon-bathroom-shower-1 me-2\"><\/i><span class=\"item-amenities-text\">Kupka:<\/span> <span class=\"hz-figure\">1<\/span><\/li><li class=\"h-type d-flex w-100\" role=\"listitem\"><span>Stan, Stambena nekretnina<\/span><\/li><\/ul>\t\t\t\t<a class=\"btn btn-primary btn-item\" target=\"_self\" href=\"https:\/\/www.vista-pro.com\/hr\/real-estate\/novigrad-ground-floor-flat-near-the-center-and-the-sea\/\">\n\tPojedinosti<\/a><!-- btn-item -->\n\t\t\t\t\t\t\t\t<div class=\"d-flex align-items-center justify-content-start d-none d-md-flex gap-3\">\n\t\t\t\t\t<div class=\"item-author d-flex align-items-center gap-1\">\n\t<div class=\"item-author-image me-2\" role=\"img\">\n\t\t<img decoding=\"async\" class=\"rounded-circle\" src=\"https:\/\/www.vista-pro.com\/wp-content\/uploads\/2022\/05\/google-vp-1-compress-360x360.png\" width=\"32\" height=\"32\" alt=\"\">\n\t<\/div>\n\t<a href=\"https:\/\/www.vista-pro.com\/hr\/agency\/vista-pro\/\" role=\"link\">Vista Pro<\/a>\n<\/div><!-- item-author -->\n\t\t\t\t\t<div class=\"item-date d-flex align-items-center gap-1\">\n\t<i class=\"houzez-icon icon-attachment me-1\"><\/i>\n\tprije 1 godinu<\/div><!-- item-date -->\n\t\t\t\t<\/div>\n\t\t\t\t\t\t\t<\/div>\n\t\t\t\t\t\t<div class=\"item-footer d-md-none d-flex justify-content-between w-100\">\n\t\t\t\t<div class=\"item-author d-flex align-items-center gap-1\">\n\t<div class=\"item-author-image me-2\" role=\"img\">\n\t\t<img decoding=\"async\" class=\"rounded-circle\" src=\"https:\/\/www.vista-pro.com\/wp-content\/uploads\/2022\/05\/google-vp-1-compress-360x360.png\" width=\"32\" height=\"32\" alt=\"\">\n\t<\/div>\n\t<a href=\"https:\/\/www.vista-pro.com\/hr\/agency\/vista-pro\/\" role=\"link\">Vista Pro<\/a>\n<\/div><!-- item-author -->\n\t\t\t\t<div class=\"ms-auto\">\n\t\t\t\t\t<div class=\"item-date d-flex align-items-center gap-1\">\n\t<i class=\"houzez-icon icon-attachment me-1\"><\/i>\n\tprije 1 godinu<\/div><!-- item-date -->\n\t\t\t\t<\/div>\n\t\t\t<\/div>\n\t\t\t\t\t<\/div>\n\t<\/div>\n<\/div><div class=\"item-listing-wrap hz-item-gallery-js item-listing-wrap-v1 item-listing-wrap-v2 hz-map-trigger\" data-hz-id=\"30401\" >\n\t<div class=\"item-wrap item-wrap-no-frame\">\n\t\t<div class=\"d-flex flex-md-row flex-column align-items-center\">\n\t\t\t<div class=\"item-header\">\n\t\t\t\t\t\t\t\t<div class=\"labels-wrap mb-2 d-block d-md-none\" role=\"group\">\n\t\t\t\t\t<a href=\"https:\/\/www.vista-pro.com\/hr\/status\/sold-out\/\" class=\"label-status label me-1 status-color-244\">\n\t\t\t\t\tProdano\n\t\t\t\t<\/a>\t\t\t\t<\/div>\n\t\t\t\t<ul class=\"item-price-wrap d-flex d-md-none flex-column gap-2\" role=\"list\">\n\t\t\t\t\t<li class=\"item-price\"><span class=\"price\">155.000 \u20ac<\/span><\/li><li class=\"item-sub-price\"><span class=\"price\">4.559 \u20ac<\/span><span class=\"price-postfix\">\/m\u00b2<\/span><\/li>\t\t\t\t<\/ul>\n\t\t\t\t<ul class=\"item-tools d-flex align-items-center justify-content-center gap-1\">\n        <li class=\"item-tool item-preview\">\n        <span class=\"hz-show-lightbox-js item-tool-preview text-center\" data-listid=\"30401\">\n            <span data-bs-toggle=\"tooltip\" data-bs-placement=\"top\" title=\"Pregled\">\n                <i class=\"houzez-icon icon-expand-3\"><\/i>   \n            <\/span>\n        <\/span><!-- item-tool-favorite -->\n    <\/li><!-- item-tool -->\n        \n        <li class=\"item-tool item-favorite\">\n        <span class=\"add-favorite-js item-tool-favorite text-center\" data-bs-toggle=\"tooltip\" data-bs-placement=\"top\" title=\"Omiljeni\" data-listid=\"30401\">\n            <i class=\"houzez-icon icon-love-it\"><\/i>\n        <\/span><!-- item-tool-favorite -->\n    <\/li><!-- item-tool -->\n    \n        <li class=\"item-tool item-compare\">\n        <span class=\"houzez_compare compare-30401 item-tool-compare text-center\" data-bs-toggle=\"tooltip\" data-bs-placement=\"top\" title=\"Dodaj u usporedbu\" data-listing_id=\"30401\" data-listing_image=\"https:\/\/cdn.vista-pro.com\/wp-content\/uploads\/2025\/03\/novigrad-mareda-beautiful-renovated-studio-apartment-near-the-sea-and-the-beach-2.jpg?strip=all&amp;quality=70&amp;webp=70&amp;avif=70&amp;sharp=1&amp;fit=1170%2C780\">\n            <i class=\"houzez-icon icon-add-circle\"><\/i>\n            <!-- <i class=\"houzez-icon icon-subtract-circle\"><\/i> -->\n        <\/span><!-- item-tool-compare -->\n    <\/li><!-- item-tool -->\n    <\/ul><!-- item-tools -->\n\t\t\t\t<div class=\"listing-image-wrap\">\n\t<div class=\"listing-thumb\">\n\t\t<a target=\"_self\" href=\"https:\/\/www.vista-pro.com\/hr\/real-estate\/novigrad-mareda-beautiful-renovated-studio-apartment-near-the-sea-and-the-beach\/\" class=\"listing-featured-thumb hover-effect image-wrap\" role=\"link\">\n\t\t\t<img loading=\"lazy\" decoding=\"async\" width=\"1170\" height=\"780\" src=\"https:\/\/cdn.vista-pro.com\/wp-content\/uploads\/2025\/03\/novigrad-mareda-beautiful-renovated-studio-apartment-near-the-sea-and-the-beach-2.jpg?strip=all&amp;quality=70&amp;webp=70&amp;avif=70&amp;sharp=1&amp;fit=1170%2C780\" class=\"img-fluid wp-post-image\" alt=\"novigrad mareda prekrasna renovirana garsonijera u blizini mora i pla\u017ee\" srcset=\"https:\/\/cdn.vista-pro.com\/wp-content\/uploads\/2025\/03\/novigrad-mareda-beautiful-renovated-studio-apartment-near-the-sea-and-the-beach-2.jpg?strip=all&amp;quality=70&amp;webp=70&amp;avif=70&amp;sharp=1 2160w, https:\/\/cdn.vista-pro.com\/wp-content\/uploads\/2025\/03\/novigrad-mareda-beautiful-renovated-studio-apartment-near-the-sea-and-the-beach-2-720x480.jpg?strip=all&amp;quality=70&amp;webp=70&amp;avif=70&amp;sharp=1 720w, https:\/\/cdn.vista-pro.com\/wp-content\/uploads\/2025\/03\/novigrad-mareda-beautiful-renovated-studio-apartment-near-the-sea-and-the-beach-2-1280x853.jpg?strip=all&amp;quality=70&amp;webp=70&amp;avif=70&amp;sharp=1 1280w, https:\/\/cdn.vista-pro.com\/wp-content\/uploads\/2025\/03\/novigrad-mareda-beautiful-renovated-studio-apartment-near-the-sea-and-the-beach-2-768x512.jpg?strip=all&amp;quality=70&amp;webp=70&amp;avif=70&amp;sharp=1 768w, https:\/\/cdn.vista-pro.com\/wp-content\/uploads\/2025\/03\/novigrad-mareda-beautiful-renovated-studio-apartment-near-the-sea-and-the-beach-2-1536x1024.jpg?strip=all&amp;quality=70&amp;webp=70&amp;avif=70&amp;sharp=1 1536w, https:\/\/cdn.vista-pro.com\/wp-content\/uploads\/2025\/03\/novigrad-mareda-beautiful-renovated-studio-apartment-near-the-sea-and-the-beach-2-2048x1365.jpg?strip=all&amp;quality=70&amp;webp=70&amp;avif=70&amp;sharp=1 2048w, https:\/\/cdn.vista-pro.com\/wp-content\/uploads\/2025\/03\/novigrad-mareda-beautiful-renovated-studio-apartment-near-the-sea-and-the-beach-2-18x12.jpg?strip=all&amp;quality=70&amp;webp=70&amp;avif=70&amp;sharp=1 18w, https:\/\/cdn.vista-pro.com\/wp-content\/uploads\/2025\/03\/novigrad-mareda-beautiful-renovated-studio-apartment-near-the-sea-and-the-beach-2-900x600.jpg?strip=all&amp;quality=70&amp;webp=70&amp;avif=70&amp;sharp=1 900w, https:\/\/cdn.vista-pro.com\/wp-content\/uploads\/2025\/03\/novigrad-mareda-beautiful-renovated-studio-apartment-near-the-sea-and-the-beach-2-496x331.jpg?strip=all&amp;quality=70&amp;webp=70&amp;avif=70&amp;sharp=1 496w, https:\/\/cdn.vista-pro.com\/wp-content\/uploads\/2025\/03\/novigrad-mareda-beautiful-renovated-studio-apartment-near-the-sea-and-the-beach-2.jpg?strip=all&amp;quality=70&amp;webp=70&amp;avif=70&amp;sharp=1&amp;w=432 432w, https:\/\/cdn.vista-pro.com\/wp-content\/uploads\/2025\/03\/novigrad-mareda-beautiful-renovated-studio-apartment-near-the-sea-and-the-beach-2.jpg?strip=all&amp;quality=70&amp;webp=70&amp;avif=70&amp;sharp=1&amp;w=1728 1728w\" sizes=\"(max-width: 1170px) 100vw, 1170px\" \/>\t\t<\/a><!-- hover-effect -->\n\t<\/div>\n<\/div>\t\t\t<\/div>\n\t\t\t<div class=\"item-body flex-grow-1\">\n\t\t\t\t<div class=\"labels-wrap mb-2 d-sm-none d-md-block\" role=\"group\">\n\t\t\t\t\t<a href=\"https:\/\/www.vista-pro.com\/hr\/status\/sold-out\/\" class=\"label-status label me-1 status-color-244\">\n\t\t\t\t\tProdano\n\t\t\t\t<\/a>\t\t\t\t<\/div>\n\t\t\t\t<h2 class=\"item-title mb-2 col-12 text-truncate\">\n\t<a target=\"_self\" href=\"https:\/\/www.vista-pro.com\/hr\/real-estate\/novigrad-mareda-beautiful-renovated-studio-apartment-near-the-sea-and-the-beach\/\" role=\"link\">Novigrad | Mareda | Prekrasna renovirana garsonijera u blizini mora i pla\u017ee<\/a>\n<\/h2><!-- item-title -->\t\t\t\t<ul class=\"item-price-wrap d-none d-md-flex flex-column gap-2 align-items-end\" role=\"list\">\n\t\t\t\t\t<li class=\"item-price\"><span class=\"price\">155.000 \u20ac<\/span><\/li><li class=\"item-sub-price\"><span class=\"price\">4.559 \u20ac<\/span><span class=\"price-postfix\">\/m\u00b2<\/span><\/li>\t\t\t\t<\/ul>\n\t\t\t\t<address class=\"item-address mb-2\"><i class=\"houzez-icon icon-pin me-1\" aria-hidden=\"true\"><\/i><span>Hrvatska, Istra, Novigrad, Mareda<\/span><\/address>\t\t\t\t<ul class=\"item-amenities d-flex flex-wrap align-items-center gap-2 mb-2 item-amenities-with-icons\" role=\"list\">\n\t<li class=\"h-area d-flex align-items-center me-1\"><i class=\"houzez-icon icon-ruler-triangle me-2\"><\/i><span class=\"hz-figure me-1\">34<\/span> <span class=\"hz-figure area_postfix\">m\u00b2<\/span><\/li><li class=\"h-beds d-flex align-items-center me-1\"><i class=\"houzez-icon icon-hotel-double-bed-1 me-2\"><\/i><span class=\"item-amenities-text\">Krevet:<\/span> <span class=\"hz-figure\">1<\/span><\/li><li class=\"h-baths d-flex align-items-center me-1\"><i class=\"houzez-icon icon-bathroom-shower-1 me-2\"><\/i><span class=\"item-amenities-text\">Kupka:<\/span> <span class=\"hz-figure\">1<\/span><\/li><li class=\"h-type d-flex w-100\" role=\"listitem\"><span>Apartman, Stambena Nekretnina<\/span><\/li><\/ul>\t\t\t\t<a class=\"btn btn-primary btn-item\" target=\"_self\" href=\"https:\/\/www.vista-pro.com\/hr\/real-estate\/novigrad-mareda-beautiful-renovated-studio-apartment-near-the-sea-and-the-beach\/\">\n\tPojedinosti<\/a><!-- btn-item -->\n\t\t\t\t\t\t\t\t<div class=\"d-flex align-items-center justify-content-start d-none d-md-flex gap-3\">\n\t\t\t\t\t<div class=\"item-author d-flex align-items-center gap-1\">\n\t<div class=\"item-author-image me-2\" role=\"img\">\n\t\t<img decoding=\"async\" class=\"rounded-circle\" src=\"https:\/\/www.vista-pro.com\/wp-content\/uploads\/2022\/05\/google-vp-1-compress-360x360.png\" width=\"32\" height=\"32\" alt=\"\">\n\t<\/div>\n\t<a href=\"https:\/\/www.vista-pro.com\/hr\/agency\/vista-pro\/\" role=\"link\">Vista Pro<\/a>\n<\/div><!-- item-author -->\n\t\t\t\t\t<div class=\"item-date d-flex align-items-center gap-1\">\n\t<i class=\"houzez-icon icon-attachment me-1\"><\/i>\n\tprije 1 godinu<\/div><!-- item-date -->\n\t\t\t\t<\/div>\n\t\t\t\t\t\t\t<\/div>\n\t\t\t\t\t\t<div class=\"item-footer d-md-none d-flex justify-content-between w-100\">\n\t\t\t\t<div class=\"item-author d-flex align-items-center gap-1\">\n\t<div class=\"item-author-image me-2\" role=\"img\">\n\t\t<img decoding=\"async\" class=\"rounded-circle\" src=\"https:\/\/www.vista-pro.com\/wp-content\/uploads\/2022\/05\/google-vp-1-compress-360x360.png\" width=\"32\" height=\"32\" alt=\"\">\n\t<\/div>\n\t<a href=\"https:\/\/www.vista-pro.com\/hr\/agency\/vista-pro\/\" role=\"link\">Vista Pro<\/a>\n<\/div><!-- item-author -->\n\t\t\t\t<div class=\"ms-auto\">\n\t\t\t\t\t<div class=\"item-date d-flex align-items-center gap-1\">\n\t<i class=\"houzez-icon icon-attachment me-1\"><\/i>\n\tprije 1 godinu<\/div><!-- item-date -->\n\t\t\t\t<\/div>\n\t\t\t<\/div>\n\t\t\t\t\t<\/div>\n\t<\/div>\n<\/div><div class=\"item-listing-wrap hz-item-gallery-js item-listing-wrap-v1 item-listing-wrap-v2 hz-map-trigger\" data-hz-id=\"30306\" >\n\t<div class=\"item-wrap item-wrap-no-frame\">\n\t\t<div class=\"d-flex flex-md-row flex-column align-items-center\">\n\t\t\t<div class=\"item-header\">\n\t\t\t\t\t\t\t\t<div class=\"labels-wrap mb-2 d-block d-md-none\" role=\"group\">\n\t\t\t\t\t<a href=\"https:\/\/www.vista-pro.com\/hr\/status\/sold-out\/\" class=\"label-status label me-1 status-color-244\">\n\t\t\t\t\tProdano\n\t\t\t\t<\/a><a href=\"https:\/\/www.vista-pro.com\/hr\/label\/sold\/\" class=\"hz-label label me-1 label-color-61\">\n\t\t\t\t\tVi\u0161e nije dostupno\n\t\t\t\t<\/a>\t\t\t\t<\/div>\n\t\t\t\t<ul class=\"item-price-wrap d-flex d-md-none flex-column gap-2\" role=\"list\">\n\t\t\t\t\t<li class=\"item-price\"><span class=\"price\">185.000 \u20ac<\/span><\/li><li class=\"item-sub-price\"><span class=\"price\">3.304 \u20ac<\/span><span class=\"price-postfix\">\/m\u00b2<\/span><\/li>\t\t\t\t<\/ul>\n\t\t\t\t<ul class=\"item-tools d-flex align-items-center justify-content-center gap-1\">\n        <li class=\"item-tool item-preview\">\n        <span class=\"hz-show-lightbox-js item-tool-preview text-center\" data-listid=\"30306\">\n            <span data-bs-toggle=\"tooltip\" data-bs-placement=\"top\" title=\"Pregled\">\n                <i class=\"houzez-icon icon-expand-3\"><\/i>   \n            <\/span>\n        <\/span><!-- item-tool-favorite -->\n    <\/li><!-- item-tool -->\n        \n        <li class=\"item-tool item-favorite\">\n        <span class=\"add-favorite-js item-tool-favorite text-center\" data-bs-toggle=\"tooltip\" data-bs-placement=\"top\" title=\"Omiljeni\" data-listid=\"30306\">\n            <i class=\"houzez-icon icon-love-it\"><\/i>\n        <\/span><!-- item-tool-favorite -->\n    <\/li><!-- item-tool -->\n    \n        <li class=\"item-tool item-compare\">\n        <span class=\"houzez_compare compare-30306 item-tool-compare text-center\" data-bs-toggle=\"tooltip\" data-bs-placement=\"top\" title=\"Dodaj u usporedbu\" data-listing_id=\"30306\" data-listing_image=\"https:\/\/cdn.vista-pro.com\/wp-content\/uploads\/2025\/02\/novigrad-studio-apartment-in-the-second-row-to-the-sea-with-open-sea-view-26.jpg?strip=all&amp;quality=70&amp;webp=70&amp;avif=70&amp;sharp=1&amp;fit=1170%2C780\">\n            <i class=\"houzez-icon icon-add-circle\"><\/i>\n            <!-- <i class=\"houzez-icon icon-subtract-circle\"><\/i> -->\n        <\/span><!-- item-tool-compare -->\n    <\/li><!-- item-tool -->\n    <\/ul><!-- item-tools -->\n\t\t\t\t<div class=\"listing-image-wrap\">\n\t<div class=\"listing-thumb\">\n\t\t<a target=\"_self\" href=\"https:\/\/www.vista-pro.com\/hr\/real-estate\/novigrad-studio-apartment-in-the-second-row-to-the-sea-with-open-sea-view\/\" class=\"listing-featured-thumb hover-effect image-wrap\" role=\"link\">\n\t\t\t<img loading=\"lazy\" decoding=\"async\" width=\"1170\" height=\"780\" src=\"https:\/\/cdn.vista-pro.com\/wp-content\/uploads\/2025\/02\/novigrad-studio-apartment-in-the-second-row-to-the-sea-with-open-sea-view-26.jpg?strip=all&amp;quality=70&amp;webp=70&amp;avif=70&amp;sharp=1&amp;fit=1170%2C780\" class=\"img-fluid wp-post-image\" alt=\"novigrad studio apartman u drugom redu do mora sa otvorenim pogledom na more\" srcset=\"https:\/\/cdn.vista-pro.com\/wp-content\/uploads\/2025\/02\/novigrad-studio-apartment-in-the-second-row-to-the-sea-with-open-sea-view-26.jpg?strip=all&amp;quality=70&amp;webp=70&amp;avif=70&amp;sharp=1 2160w, https:\/\/cdn.vista-pro.com\/wp-content\/uploads\/2025\/02\/novigrad-studio-apartment-in-the-second-row-to-the-sea-with-open-sea-view-26-720x480.jpg?strip=all&amp;quality=70&amp;webp=70&amp;avif=70&amp;sharp=1 720w, https:\/\/cdn.vista-pro.com\/wp-content\/uploads\/2025\/02\/novigrad-studio-apartment-in-the-second-row-to-the-sea-with-open-sea-view-26-1280x853.jpg?strip=all&amp;quality=70&amp;webp=70&amp;avif=70&amp;sharp=1 1280w, https:\/\/cdn.vista-pro.com\/wp-content\/uploads\/2025\/02\/novigrad-studio-apartment-in-the-second-row-to-the-sea-with-open-sea-view-26-768x512.jpg?strip=all&amp;quality=70&amp;webp=70&amp;avif=70&amp;sharp=1 768w, https:\/\/cdn.vista-pro.com\/wp-content\/uploads\/2025\/02\/novigrad-studio-apartment-in-the-second-row-to-the-sea-with-open-sea-view-26-1536x1024.jpg?strip=all&amp;quality=70&amp;webp=70&amp;avif=70&amp;sharp=1 1536w, https:\/\/cdn.vista-pro.com\/wp-content\/uploads\/2025\/02\/novigrad-studio-apartment-in-the-second-row-to-the-sea-with-open-sea-view-26-2048x1365.jpg?strip=all&amp;quality=70&amp;webp=70&amp;avif=70&amp;sharp=1 2048w, https:\/\/cdn.vista-pro.com\/wp-content\/uploads\/2025\/02\/novigrad-studio-apartment-in-the-second-row-to-the-sea-with-open-sea-view-26-18x12.jpg?strip=all&amp;quality=70&amp;webp=70&amp;avif=70&amp;sharp=1 18w, https:\/\/cdn.vista-pro.com\/wp-content\/uploads\/2025\/02\/novigrad-studio-apartment-in-the-second-row-to-the-sea-with-open-sea-view-26-900x600.jpg?strip=all&amp;quality=70&amp;webp=70&amp;avif=70&amp;sharp=1 900w, https:\/\/cdn.vista-pro.com\/wp-content\/uploads\/2025\/02\/novigrad-studio-apartment-in-the-second-row-to-the-sea-with-open-sea-view-26-496x331.jpg?strip=all&amp;quality=70&amp;webp=70&amp;avif=70&amp;sharp=1 496w, https:\/\/cdn.vista-pro.com\/wp-content\/uploads\/2025\/02\/novigrad-studio-apartment-in-the-second-row-to-the-sea-with-open-sea-view-26.jpg?strip=all&amp;quality=70&amp;webp=70&amp;avif=70&amp;sharp=1&amp;w=432 432w, https:\/\/cdn.vista-pro.com\/wp-content\/uploads\/2025\/02\/novigrad-studio-apartment-in-the-second-row-to-the-sea-with-open-sea-view-26.jpg?strip=all&amp;quality=70&amp;webp=70&amp;avif=70&amp;sharp=1&amp;w=1728 1728w\" sizes=\"(max-width: 1170px) 100vw, 1170px\" \/>\t\t<\/a><!-- hover-effect -->\n\t<\/div>\n<\/div>\t\t\t<\/div>\n\t\t\t<div class=\"item-body flex-grow-1\">\n\t\t\t\t<div class=\"labels-wrap mb-2 d-sm-none d-md-block\" role=\"group\">\n\t\t\t\t\t<a href=\"https:\/\/www.vista-pro.com\/hr\/status\/sold-out\/\" class=\"label-status label me-1 status-color-244\">\n\t\t\t\t\tProdano\n\t\t\t\t<\/a><a href=\"https:\/\/www.vista-pro.com\/hr\/label\/sold\/\" class=\"hz-label label me-1 label-color-61\">\n\t\t\t\t\tVi\u0161e nije dostupno\n\t\t\t\t<\/a>\t\t\t\t<\/div>\n\t\t\t\t<h2 class=\"item-title mb-2 col-12 text-truncate\">\n\t<a target=\"_self\" href=\"https:\/\/www.vista-pro.com\/hr\/real-estate\/novigrad-studio-apartment-in-the-second-row-to-the-sea-with-open-sea-view\/\" role=\"link\">Novigrad | Studio apartman u drugom redu do mora sa otvorenim pogledom na more<\/a>\n<\/h2><!-- item-title -->\t\t\t\t<ul class=\"item-price-wrap d-none d-md-flex flex-column gap-2 align-items-end\" role=\"list\">\n\t\t\t\t\t<li class=\"item-price\"><span class=\"price\">185.000 \u20ac<\/span><\/li><li class=\"item-sub-price\"><span class=\"price\">3.304 \u20ac<\/span><span class=\"price-postfix\">\/m\u00b2<\/span><\/li>\t\t\t\t<\/ul>\n\t\t\t\t<address class=\"item-address mb-2\"><i class=\"houzez-icon icon-pin me-1\" aria-hidden=\"true\"><\/i><span>Hrvatska, Istra, Novigrad, Novigrad<\/span><\/address>\t\t\t\t<ul class=\"item-amenities d-flex flex-wrap align-items-center gap-2 mb-2 item-amenities-with-icons\" role=\"list\">\n\t<li class=\"h-area d-flex align-items-center me-1\"><i class=\"houzez-icon icon-ruler-triangle me-2\"><\/i><span class=\"hz-figure me-1\">56<\/span> <span class=\"hz-figure area_postfix\">m\u00b2<\/span><\/li><li class=\"h-baths d-flex align-items-center me-1\"><i class=\"houzez-icon icon-bathroom-shower-1 me-2\"><\/i><span class=\"item-amenities-text\">Kupka:<\/span> <span class=\"hz-figure\">1<\/span><\/li><li class=\"h-type d-flex w-100\" role=\"listitem\"><span>Apartman, Stambena Nekretnina<\/span><\/li><\/ul>\t\t\t\t<a class=\"btn btn-primary btn-item\" target=\"_self\" href=\"https:\/\/www.vista-pro.com\/hr\/real-estate\/novigrad-studio-apartment-in-the-second-row-to-the-sea-with-open-sea-view\/\">\n\tPojedinosti<\/a><!-- btn-item -->\n\t\t\t\t\t\t\t\t<div class=\"d-flex align-items-center justify-content-start d-none d-md-flex gap-3\">\n\t\t\t\t\t<div class=\"item-author d-flex align-items-center gap-1\">\n\t<div class=\"item-author-image me-2\" role=\"img\">\n\t\t<img decoding=\"async\" class=\"rounded-circle\" src=\"https:\/\/www.vista-pro.com\/wp-content\/uploads\/2022\/05\/google-vp-1-compress-360x360.png\" width=\"32\" height=\"32\" alt=\"\">\n\t<\/div>\n\t<a href=\"https:\/\/www.vista-pro.com\/hr\/agency\/vista-pro\/\" role=\"link\">Vista Pro<\/a>\n<\/div><!-- item-author -->\n\t\t\t\t\t<div class=\"item-date d-flex align-items-center gap-1\">\n\t<i class=\"houzez-icon icon-attachment me-1\"><\/i>\n\tprije 1 godinu<\/div><!-- item-date -->\n\t\t\t\t<\/div>\n\t\t\t\t\t\t\t<\/div>\n\t\t\t\t\t\t<div class=\"item-footer d-md-none d-flex justify-content-between w-100\">\n\t\t\t\t<div class=\"item-author d-flex align-items-center gap-1\">\n\t<div class=\"item-author-image me-2\" role=\"img\">\n\t\t<img decoding=\"async\" class=\"rounded-circle\" src=\"https:\/\/www.vista-pro.com\/wp-content\/uploads\/2022\/05\/google-vp-1-compress-360x360.png\" width=\"32\" height=\"32\" alt=\"\">\n\t<\/div>\n\t<a href=\"https:\/\/www.vista-pro.com\/hr\/agency\/vista-pro\/\" role=\"link\">Vista Pro<\/a>\n<\/div><!-- item-author -->\n\t\t\t\t<div class=\"ms-auto\">\n\t\t\t\t\t<div class=\"item-date d-flex align-items-center gap-1\">\n\t<i class=\"houzez-icon icon-attachment me-1\"><\/i>\n\tprije 1 godinu<\/div><!-- item-date -->\n\t\t\t\t<\/div>\n\t\t\t<\/div>\n\t\t\t\t\t<\/div>\n\t<\/div>\n<\/div><div class=\"item-listing-wrap hz-item-gallery-js item-listing-wrap-v1 item-listing-wrap-v2 hz-map-trigger\" data-hz-id=\"30185\" >\n\t<div class=\"item-wrap item-wrap-no-frame\">\n\t\t<div class=\"d-flex flex-md-row flex-column align-items-center\">\n\t\t\t<div class=\"item-header\">\n\t\t\t\t<span class=\"label-featured label me-1\" role=\"status\">Istaknuto<\/span>\t\t\t\t<div class=\"labels-wrap mb-2 d-block d-md-none\" role=\"group\">\n\t\t\t\t\t<a href=\"https:\/\/www.vista-pro.com\/hr\/status\/for-sale\/\" class=\"label-status label me-1 status-color-30\">\n\t\t\t\t\tZa Prodaju\n\t\t\t\t<\/a><a href=\"https:\/\/www.vista-pro.com\/hr\/label\/exclusive\/\" class=\"hz-label label me-1 label-color-405\">\n\t\t\t\t\tEkskluzivno\n\t\t\t\t<\/a><a href=\"https:\/\/www.vista-pro.com\/hr\/label\/hot-offer\/\" class=\"hz-label label me-1 label-color-33\">\n\t\t\t\t\tHot Ponuda\n\t\t\t\t<\/a>\t\t\t\t<\/div>\n\t\t\t\t<ul class=\"item-price-wrap d-flex d-md-none flex-column gap-2\" role=\"list\">\n\t\t\t\t\t<li class=\"item-price\"><span class=\"price\">319.000 \u20ac<\/span><\/li><li class=\"item-sub-price\"><span class=\"price\">3.544 \u20ac<\/span><span class=\"price-postfix\">\/m\u00b2<\/span><\/li>\t\t\t\t<\/ul>\n\t\t\t\t<ul class=\"item-tools d-flex align-items-center justify-content-center gap-1\">\n        <li class=\"item-tool item-preview\">\n        <span class=\"hz-show-lightbox-js item-tool-preview text-center\" data-listid=\"30185\">\n            <span data-bs-toggle=\"tooltip\" data-bs-placement=\"top\" title=\"Pregled\">\n                <i class=\"houzez-icon icon-expand-3\"><\/i>   \n            <\/span>\n        <\/span><!-- item-tool-favorite -->\n    <\/li><!-- item-tool -->\n        \n        <li class=\"item-tool item-favorite\">\n        <span class=\"add-favorite-js item-tool-favorite text-center\" data-bs-toggle=\"tooltip\" data-bs-placement=\"top\" title=\"Omiljeni\" data-listid=\"30185\">\n            <i class=\"houzez-icon icon-love-it\"><\/i>\n        <\/span><!-- item-tool-favorite -->\n    <\/li><!-- item-tool -->\n    \n        <li class=\"item-tool item-compare\">\n        <span class=\"houzez_compare compare-30185 item-tool-compare text-center\" data-bs-toggle=\"tooltip\" data-bs-placement=\"top\" title=\"Dodaj u usporedbu\" data-listing_id=\"30185\" data-listing_image=\"https:\/\/cdn.vista-pro.com\/wp-content\/uploads\/2025\/01\/novigrad-surroundings-two-story-apartment-in-a-great-location-with-a-view-of-the-sea-2.jpg?strip=all&amp;quality=70&amp;webp=70&amp;avif=70&amp;sharp=1&amp;fit=1170%2C780\">\n            <i class=\"houzez-icon icon-add-circle\"><\/i>\n            <!-- <i class=\"houzez-icon icon-subtract-circle\"><\/i> -->\n        <\/span><!-- item-tool-compare -->\n    <\/li><!-- item-tool -->\n    <\/ul><!-- item-tools -->\n\t\t\t\t<div class=\"listing-image-wrap\">\n\t<div class=\"listing-thumb\">\n\t\t<a target=\"_self\" href=\"https:\/\/www.vista-pro.com\/hr\/real-estate\/novigrad-surroundings-two-story-apartment-in-a-great-location-with-a-view-of-the-sea\/\" class=\"listing-featured-thumb hover-effect image-wrap\" role=\"link\">\n\t\t\t<img loading=\"lazy\" decoding=\"async\" width=\"1170\" height=\"780\" src=\"https:\/\/cdn.vista-pro.com\/wp-content\/uploads\/2025\/01\/novigrad-surroundings-two-story-apartment-in-a-great-location-with-a-view-of-the-sea-2.jpg?strip=all&amp;quality=70&amp;webp=70&amp;avif=70&amp;sharp=1&amp;fit=1170%2C780\" class=\"img-fluid wp-post-image\" alt=\"novigrad okolica dvoeta\u017eni stan na odli\u010dnoj lokaciji sa pogledom na more\" srcset=\"https:\/\/cdn.vista-pro.com\/wp-content\/uploads\/2025\/01\/novigrad-surroundings-two-story-apartment-in-a-great-location-with-a-view-of-the-sea-2.jpg?strip=all&amp;quality=70&amp;webp=70&amp;avif=70&amp;sharp=1 2160w, https:\/\/cdn.vista-pro.com\/wp-content\/uploads\/2025\/01\/novigrad-surroundings-two-story-apartment-in-a-great-location-with-a-view-of-the-sea-2-720x480.jpg?strip=all&amp;quality=70&amp;webp=70&amp;avif=70&amp;sharp=1 720w, https:\/\/cdn.vista-pro.com\/wp-content\/uploads\/2025\/01\/novigrad-surroundings-two-story-apartment-in-a-great-location-with-a-view-of-the-sea-2-1280x853.jpg?strip=all&amp;quality=70&amp;webp=70&amp;avif=70&amp;sharp=1 1280w, https:\/\/cdn.vista-pro.com\/wp-content\/uploads\/2025\/01\/novigrad-surroundings-two-story-apartment-in-a-great-location-with-a-view-of-the-sea-2-768x512.jpg?strip=all&amp;quality=70&amp;webp=70&amp;avif=70&amp;sharp=1 768w, https:\/\/cdn.vista-pro.com\/wp-content\/uploads\/2025\/01\/novigrad-surroundings-two-story-apartment-in-a-great-location-with-a-view-of-the-sea-2-1536x1024.jpg?strip=all&amp;quality=70&amp;webp=70&amp;avif=70&amp;sharp=1 1536w, https:\/\/cdn.vista-pro.com\/wp-content\/uploads\/2025\/01\/novigrad-surroundings-two-story-apartment-in-a-great-location-with-a-view-of-the-sea-2-2048x1365.jpg?strip=all&amp;quality=70&amp;webp=70&amp;avif=70&amp;sharp=1 2048w, https:\/\/cdn.vista-pro.com\/wp-content\/uploads\/2025\/01\/novigrad-surroundings-two-story-apartment-in-a-great-location-with-a-view-of-the-sea-2-18x12.jpg?strip=all&amp;quality=70&amp;webp=70&amp;avif=70&amp;sharp=1 18w, https:\/\/cdn.vista-pro.com\/wp-content\/uploads\/2025\/01\/novigrad-surroundings-two-story-apartment-in-a-great-location-with-a-view-of-the-sea-2-900x600.jpg?strip=all&amp;quality=70&amp;webp=70&amp;avif=70&amp;sharp=1 900w, https:\/\/cdn.vista-pro.com\/wp-content\/uploads\/2025\/01\/novigrad-surroundings-two-story-apartment-in-a-great-location-with-a-view-of-the-sea-2-496x331.jpg?strip=all&amp;quality=70&amp;webp=70&amp;avif=70&amp;sharp=1 496w, https:\/\/cdn.vista-pro.com\/wp-content\/uploads\/2025\/01\/novigrad-surroundings-two-story-apartment-in-a-great-location-with-a-view-of-the-sea-2.jpg?strip=all&amp;quality=70&amp;webp=70&amp;avif=70&amp;sharp=1&amp;w=432 432w, https:\/\/cdn.vista-pro.com\/wp-content\/uploads\/2025\/01\/novigrad-surroundings-two-story-apartment-in-a-great-location-with-a-view-of-the-sea-2.jpg?strip=all&amp;quality=70&amp;webp=70&amp;avif=70&amp;sharp=1&amp;w=1728 1728w\" sizes=\"(max-width: 1170px) 100vw, 1170px\" \/>\t\t<\/a><!-- hover-effect -->\n\t<\/div>\n<\/div>\t\t\t<\/div>\n\t\t\t<div class=\"item-body flex-grow-1\">\n\t\t\t\t<div class=\"labels-wrap mb-2 d-sm-none d-md-block\" role=\"group\">\n\t\t\t\t\t<a href=\"https:\/\/www.vista-pro.com\/hr\/status\/for-sale\/\" class=\"label-status label me-1 status-color-30\">\n\t\t\t\t\tZa Prodaju\n\t\t\t\t<\/a><a href=\"https:\/\/www.vista-pro.com\/hr\/label\/exclusive\/\" class=\"hz-label label me-1 label-color-405\">\n\t\t\t\t\tEkskluzivno\n\t\t\t\t<\/a><a href=\"https:\/\/www.vista-pro.com\/hr\/label\/hot-offer\/\" class=\"hz-label label me-1 label-color-33\">\n\t\t\t\t\tHot Ponuda\n\t\t\t\t<\/a>\t\t\t\t<\/div>\n\t\t\t\t<h2 class=\"item-title mb-2 col-12 text-truncate\">\n\t<a target=\"_self\" href=\"https:\/\/www.vista-pro.com\/hr\/real-estate\/novigrad-surroundings-two-story-apartment-in-a-great-location-with-a-view-of-the-sea\/\" role=\"link\">Novigrad, okolica | Dvoeta\u017eni stan na odli\u010dnoj lokaciji s pogledom na more<\/a>\n<\/h2><!-- item-title -->\t\t\t\t<ul class=\"item-price-wrap d-none d-md-flex flex-column gap-2 align-items-end\" role=\"list\">\n\t\t\t\t\t<li class=\"item-price\"><span class=\"price\">319.000 \u20ac<\/span><\/li><li class=\"item-sub-price\"><span class=\"price\">3.544 \u20ac<\/span><span class=\"price-postfix\">\/m\u00b2<\/span><\/li>\t\t\t\t<\/ul>\n\t\t\t\t<address class=\"item-address mb-2\"><i class=\"houzez-icon icon-pin me-1\" aria-hidden=\"true\"><\/i><span>Hrvatska, Istra, Novigrad, Novigrad (okolica)<\/span><\/address>\t\t\t\t<ul class=\"item-amenities d-flex flex-wrap align-items-center gap-2 mb-2 item-amenities-with-icons\" role=\"list\">\n\t<li class=\"h-area d-flex align-items-center me-1\"><i class=\"houzez-icon icon-ruler-triangle me-2\"><\/i><span class=\"hz-figure me-1\">90<\/span> <span class=\"hz-figure area_postfix\">m\u00b2<\/span><\/li><li class=\"h-beds d-flex align-items-center me-1\"><i class=\"houzez-icon icon-hotel-double-bed-1 me-2\"><\/i><span class=\"item-amenities-text\">Kreveti:<\/span> <span class=\"hz-figure\">3<\/span><\/li><li class=\"h-baths d-flex align-items-center me-1\"><i class=\"houzez-icon icon-bathroom-shower-1 me-2\"><\/i><span class=\"item-amenities-text\">Kupka:<\/span> <span class=\"hz-figure\">1<\/span><\/li><li class=\"h-type d-flex w-100\" role=\"listitem\"><span>Stan, Stambena nekretnina<\/span><\/li><\/ul>\t\t\t\t<a class=\"btn btn-primary btn-item\" target=\"_self\" href=\"https:\/\/www.vista-pro.com\/hr\/real-estate\/novigrad-surroundings-two-story-apartment-in-a-great-location-with-a-view-of-the-sea\/\">\n\tPojedinosti<\/a><!-- btn-item -->\n\t\t\t\t\t\t\t\t<div class=\"d-flex align-items-center justify-content-start d-none d-md-flex gap-3\">\n\t\t\t\t\t<div class=\"item-author d-flex align-items-center gap-1\">\n\t<div class=\"item-author-image me-2\" role=\"img\">\n\t\t<img decoding=\"async\" class=\"rounded-circle\" src=\"https:\/\/www.vista-pro.com\/wp-content\/uploads\/2022\/05\/google-vp-1-compress-360x360.png\" width=\"32\" height=\"32\" alt=\"\">\n\t<\/div>\n\t<a href=\"https:\/\/www.vista-pro.com\/hr\/agency\/vista-pro\/\" role=\"link\">Vista Pro<\/a>\n<\/div><!-- item-author -->\n\t\t\t\t\t<div class=\"item-date d-flex align-items-center gap-1\">\n\t<i class=\"houzez-icon icon-attachment me-1\"><\/i>\n\tprije 1 godinu<\/div><!-- item-date -->\n\t\t\t\t<\/div>\n\t\t\t\t\t\t\t<\/div>\n\t\t\t\t\t\t<div class=\"item-footer d-md-none d-flex justify-content-between w-100\">\n\t\t\t\t<div class=\"item-author d-flex align-items-center gap-1\">\n\t<div class=\"item-author-image me-2\" role=\"img\">\n\t\t<img decoding=\"async\" class=\"rounded-circle\" src=\"https:\/\/www.vista-pro.com\/wp-content\/uploads\/2022\/05\/google-vp-1-compress-360x360.png\" width=\"32\" height=\"32\" alt=\"\">\n\t<\/div>\n\t<a href=\"https:\/\/www.vista-pro.com\/hr\/agency\/vista-pro\/\" role=\"link\">Vista Pro<\/a>\n<\/div><!-- item-author -->\n\t\t\t\t<div class=\"ms-auto\">\n\t\t\t\t\t<div class=\"item-date d-flex align-items-center gap-1\">\n\t<i class=\"houzez-icon icon-attachment me-1\"><\/i>\n\tprije 1 godinu<\/div><!-- item-date -->\n\t\t\t\t<\/div>\n\t\t\t<\/div>\n\t\t\t\t\t<\/div>\n\t<\/div>\n<\/div><div class=\"item-listing-wrap hz-item-gallery-js item-listing-wrap-v1 item-listing-wrap-v2 hz-map-trigger\" data-hz-id=\"29853\" >\n\t<div class=\"item-wrap item-wrap-no-frame\">\n\t\t<div class=\"d-flex flex-md-row flex-column align-items-center\">\n\t\t\t<div class=\"item-header\">\n\t\t\t\t\t\t\t\t<div class=\"labels-wrap mb-2 d-block d-md-none\" role=\"group\">\n\t\t\t\t\t<a href=\"https:\/\/www.vista-pro.com\/hr\/status\/for-sale\/\" class=\"label-status label me-1 status-color-30\">\n\t\t\t\t\tZa Prodaju\n\t\t\t\t<\/a><a href=\"https:\/\/www.vista-pro.com\/hr\/label\/hot-offer\/\" class=\"hz-label label me-1 label-color-33\">\n\t\t\t\t\tHot Ponuda\n\t\t\t\t<\/a>\t\t\t\t<\/div>\n\t\t\t\t<ul class=\"item-price-wrap d-flex d-md-none flex-column gap-2\" role=\"list\">\n\t\t\t\t\t<li class=\"item-price\"><span class=\"price\">310.000 \u20ac<\/span><\/li><li class=\"item-sub-price\"><span class=\"price\">3.523 \u20ac<\/span><span class=\"price-postfix\">\/m\u00b2<\/span><\/li>\t\t\t\t<\/ul>\n\t\t\t\t<ul class=\"item-tools d-flex align-items-center justify-content-center gap-1\">\n        <li class=\"item-tool item-preview\">\n        <span class=\"hz-show-lightbox-js item-tool-preview text-center\" data-listid=\"29853\">\n            <span data-bs-toggle=\"tooltip\" data-bs-placement=\"top\" title=\"Pregled\">\n                <i class=\"houzez-icon icon-expand-3\"><\/i>   \n            <\/span>\n        <\/span><!-- item-tool-favorite -->\n    <\/li><!-- item-tool -->\n        \n        <li class=\"item-tool item-favorite\">\n        <span class=\"add-favorite-js item-tool-favorite text-center\" data-bs-toggle=\"tooltip\" data-bs-placement=\"top\" title=\"Omiljeni\" data-listid=\"29853\">\n            <i class=\"houzez-icon icon-love-it\"><\/i>\n        <\/span><!-- item-tool-favorite -->\n    <\/li><!-- item-tool -->\n    \n        <li class=\"item-tool item-compare\">\n        <span class=\"houzez_compare compare-29853 item-tool-compare text-center\" data-bs-toggle=\"tooltip\" data-bs-placement=\"top\" title=\"Dodaj u usporedbu\" data-listing_id=\"29853\" data-listing_image=\"https:\/\/cdn.vista-pro.com\/wp-content\/uploads\/2024\/10\/novigrad-spacious-flat-in-a-great-location-7.jpg?strip=all&amp;quality=70&amp;webp=70&amp;avif=70&amp;sharp=1&amp;fit=1170%2C780\">\n            <i class=\"houzez-icon icon-add-circle\"><\/i>\n            <!-- <i class=\"houzez-icon icon-subtract-circle\"><\/i> -->\n        <\/span><!-- item-tool-compare -->\n    <\/li><!-- item-tool -->\n    <\/ul><!-- item-tools -->\n\t\t\t\t<div class=\"listing-image-wrap\">\n\t<div class=\"listing-thumb\">\n\t\t<a target=\"_self\" href=\"https:\/\/www.vista-pro.com\/hr\/real-estate\/novigrad-spacious-flat-in-a-great-location\/\" class=\"listing-featured-thumb hover-effect image-wrap\" role=\"link\">\n\t\t\t<img loading=\"lazy\" decoding=\"async\" width=\"1170\" height=\"780\" src=\"https:\/\/cdn.vista-pro.com\/wp-content\/uploads\/2024\/10\/novigrad-spacious-flat-in-a-great-location-7.jpg?strip=all&amp;quality=70&amp;webp=70&amp;avif=70&amp;sharp=1&amp;fit=1170%2C780\" class=\"img-fluid wp-post-image\" alt=\"novigrad prostran stan na super lokaciji\" srcset=\"https:\/\/cdn.vista-pro.com\/wp-content\/uploads\/2024\/10\/novigrad-spacious-flat-in-a-great-location-7.jpg?strip=all&amp;quality=70&amp;webp=70&amp;avif=70&amp;sharp=1 2160w, https:\/\/cdn.vista-pro.com\/wp-content\/uploads\/2024\/10\/novigrad-spacious-flat-in-a-great-location-7-720x480.jpg?strip=all&amp;quality=70&amp;webp=70&amp;avif=70&amp;sharp=1 720w, https:\/\/cdn.vista-pro.com\/wp-content\/uploads\/2024\/10\/novigrad-spacious-flat-in-a-great-location-7-1280x853.jpg?strip=all&amp;quality=70&amp;webp=70&amp;avif=70&amp;sharp=1 1280w, https:\/\/cdn.vista-pro.com\/wp-content\/uploads\/2024\/10\/novigrad-spacious-flat-in-a-great-location-7-768x512.jpg?strip=all&amp;quality=70&amp;webp=70&amp;avif=70&amp;sharp=1 768w, https:\/\/cdn.vista-pro.com\/wp-content\/uploads\/2024\/10\/novigrad-spacious-flat-in-a-great-location-7-1536x1024.jpg?strip=all&amp;quality=70&amp;webp=70&amp;avif=70&amp;sharp=1 1536w, https:\/\/cdn.vista-pro.com\/wp-content\/uploads\/2024\/10\/novigrad-spacious-flat-in-a-great-location-7-2048x1365.jpg?strip=all&amp;quality=70&amp;webp=70&amp;avif=70&amp;sharp=1 2048w, https:\/\/cdn.vista-pro.com\/wp-content\/uploads\/2024\/10\/novigrad-spacious-flat-in-a-great-location-7-18x12.jpg?strip=all&amp;quality=70&amp;webp=70&amp;avif=70&amp;sharp=1 18w, https:\/\/cdn.vista-pro.com\/wp-content\/uploads\/2024\/10\/novigrad-spacious-flat-in-a-great-location-7-900x600.jpg?strip=all&amp;quality=70&amp;webp=70&amp;avif=70&amp;sharp=1 900w, https:\/\/cdn.vista-pro.com\/wp-content\/uploads\/2024\/10\/novigrad-spacious-flat-in-a-great-location-7-496x331.jpg?strip=all&amp;quality=70&amp;webp=70&amp;avif=70&amp;sharp=1 496w, https:\/\/cdn.vista-pro.com\/wp-content\/uploads\/2024\/10\/novigrad-spacious-flat-in-a-great-location-7.jpg?strip=all&amp;quality=70&amp;webp=70&amp;avif=70&amp;sharp=1&amp;w=432 432w, https:\/\/cdn.vista-pro.com\/wp-content\/uploads\/2024\/10\/novigrad-spacious-flat-in-a-great-location-7.jpg?strip=all&amp;quality=70&amp;webp=70&amp;avif=70&amp;sharp=1&amp;w=1728 1728w\" sizes=\"(max-width: 1170px) 100vw, 1170px\" \/>\t\t<\/a><!-- hover-effect -->\n\t<\/div>\n<\/div>\t\t\t<\/div>\n\t\t\t<div class=\"item-body flex-grow-1\">\n\t\t\t\t<div class=\"labels-wrap mb-2 d-sm-none d-md-block\" role=\"group\">\n\t\t\t\t\t<a href=\"https:\/\/www.vista-pro.com\/hr\/status\/for-sale\/\" class=\"label-status label me-1 status-color-30\">\n\t\t\t\t\tZa Prodaju\n\t\t\t\t<\/a><a href=\"https:\/\/www.vista-pro.com\/hr\/label\/hot-offer\/\" class=\"hz-label label me-1 label-color-33\">\n\t\t\t\t\tHot Ponuda\n\t\t\t\t<\/a>\t\t\t\t<\/div>\n\t\t\t\t<h2 class=\"item-title mb-2 col-12 text-truncate\">\n\t<a target=\"_self\" href=\"https:\/\/www.vista-pro.com\/hr\/real-estate\/novigrad-spacious-flat-in-a-great-location\/\" role=\"link\">Novigrad | Prostran stan na super lokaciji<\/a>\n<\/h2><!-- item-title -->\t\t\t\t<ul class=\"item-price-wrap d-none d-md-flex flex-column gap-2 align-items-end\" role=\"list\">\n\t\t\t\t\t<li class=\"item-price\"><span class=\"price\">310.000 \u20ac<\/span><\/li><li class=\"item-sub-price\"><span class=\"price\">3.523 \u20ac<\/span><span class=\"price-postfix\">\/m\u00b2<\/span><\/li>\t\t\t\t<\/ul>\n\t\t\t\t<address class=\"item-address mb-2\"><i class=\"houzez-icon icon-pin me-1\" aria-hidden=\"true\"><\/i><span>Hrvatska, Istra, Novigrad, Novigrad<\/span><\/address>\t\t\t\t<ul class=\"item-amenities d-flex flex-wrap align-items-center gap-2 mb-2 item-amenities-with-icons\" role=\"list\">\n\t<li class=\"h-area d-flex align-items-center me-1\"><i class=\"houzez-icon icon-ruler-triangle me-2\"><\/i><span class=\"hz-figure me-1\">88<\/span> <span class=\"hz-figure area_postfix\">m\u00b2<\/span><\/li><li class=\"h-beds d-flex align-items-center me-1\"><i class=\"houzez-icon icon-hotel-double-bed-1 me-2\"><\/i><span class=\"item-amenities-text\">Kreveti:<\/span> <span class=\"hz-figure\">3<\/span><\/li><li class=\"h-baths d-flex align-items-center me-1\"><i class=\"houzez-icon icon-bathroom-shower-1 me-2\"><\/i><span class=\"item-amenities-text\">Kupka:<\/span> <span class=\"hz-figure\">1<\/span><\/li><li class=\"h-type d-flex w-100\" role=\"listitem\"><span>Stan, Stambena nekretnina<\/span><\/li><\/ul>\t\t\t\t<a class=\"btn btn-primary btn-item\" target=\"_self\" href=\"https:\/\/www.vista-pro.com\/hr\/real-estate\/novigrad-spacious-flat-in-a-great-location\/\">\n\tPojedinosti<\/a><!-- btn-item -->\n\t\t\t\t\t\t\t\t<div class=\"d-flex align-items-center justify-content-start d-none d-md-flex gap-3\">\n\t\t\t\t\t<div class=\"item-author d-flex align-items-center gap-1\">\n\t<div class=\"item-author-image me-2\" role=\"img\">\n\t\t<img decoding=\"async\" class=\"rounded-circle\" src=\"https:\/\/www.vista-pro.com\/wp-content\/uploads\/2022\/05\/google-vp-1-compress-360x360.png\" width=\"32\" height=\"32\" alt=\"\">\n\t<\/div>\n\t<a href=\"https:\/\/www.vista-pro.com\/hr\/agency\/vista-pro\/\" role=\"link\">Vista Pro<\/a>\n<\/div><!-- item-author -->\n\t\t\t\t\t<div class=\"item-date d-flex align-items-center gap-1\">\n\t<i class=\"houzez-icon icon-attachment me-1\"><\/i>\n\tprije 2 godine<\/div><!-- item-date -->\n\t\t\t\t<\/div>\n\t\t\t\t\t\t\t<\/div>\n\t\t\t\t\t\t<div class=\"item-footer d-md-none d-flex justify-content-between w-100\">\n\t\t\t\t<div class=\"item-author d-flex align-items-center gap-1\">\n\t<div class=\"item-author-image me-2\" role=\"img\">\n\t\t<img decoding=\"async\" class=\"rounded-circle\" src=\"https:\/\/www.vista-pro.com\/wp-content\/uploads\/2022\/05\/google-vp-1-compress-360x360.png\" width=\"32\" height=\"32\" alt=\"\">\n\t<\/div>\n\t<a href=\"https:\/\/www.vista-pro.com\/hr\/agency\/vista-pro\/\" role=\"link\">Vista Pro<\/a>\n<\/div><!-- item-author -->\n\t\t\t\t<div class=\"ms-auto\">\n\t\t\t\t\t<div class=\"item-date d-flex align-items-center gap-1\">\n\t<i class=\"houzez-icon icon-attachment me-1\"><\/i>\n\tprije 2 godine<\/div><!-- item-date -->\n\t\t\t\t<\/div>\n\t\t\t<\/div>\n\t\t\t\t\t<\/div>\n\t<\/div>\n<\/div>        <\/div><!-- listing-view -->\n\n                <div id=\"fave-pagination-loadmore\" class=\"load-more-wrap mb-4 fave-load-more\">\n            <a class=\"btn btn-load-more btn-primary-outlined\"\n               data-pagination_type=\"loadmore\"\n               data-paged=\"2\" \n               data-posts_limit=\"9\" \n               data-card=\"list-v1\" \n               data-property_type=\"\" data-property_status=\"\" data-property_country=\"\" data-property_state=\"\" data-property_city=\"novigrad\" data-property_area=\"\" data-property_label=\"\" data-property_ids=\"\" data-property_id=\"\" data-houzez_user_role=\"\" data-featured_prop=\"\" data-sort_by=\"\" data-offset=\"\" data-post_status=\"all\" data-min_price=\"\" data-max_price=\"\" data-min_beds=\"\" data-max_beds=\"\" data-min_baths=\"\" data-max_baths=\"\" data-properties_by_agents=\"\" data-properties_by_agencies=\"\" data-hide_date=\"1\" data-nav_position=\"\"             >\n            <span class=\"houzez-loader-js houzez-hidden spinner-border spinner-border-sm\" aria-hidden=\"true\"><\/span>U\u010ditaj vi\u0161e \n            <\/a>\n        <\/div>\n            <\/div><!-- property-grid-module -->\n    \t\t\t\t<\/div>\n\t\t\t\t<\/div>\n\t\t\t\t<div class=\"elementor-element elementor-element-41c9ffc elementor-widget-divider--view-line elementor-widget elementor-widget-divider\" data-id=\"41c9ffc\" data-element_type=\"widget\" data-e-type=\"widget\" data-widget_type=\"divider.default\">\n\t\t\t\t<div class=\"elementor-widget-container\">\n\t\t\t\t\t\t\t<div class=\"elementor-divider\">\n\t\t\t<span class=\"elementor-divider-separator\">\n\t\t\t\t\t\t<\/span>\n\t\t<\/div>\n\t\t\t\t\t\t<\/div>\n\t\t\t\t<\/div>\n\t\t\t\t<div class=\"elementor-element elementor-element-8817fc9 elementor-widget elementor-widget-text-editor\" data-id=\"8817fc9\" data-element_type=\"widget\" data-e-type=\"widget\" data-widget_type=\"text-editor.default\">\n\t\t\t\t<div class=\"elementor-widget-container\">\n\t\t\t\t\t\t\t\t\t<h2 style=\"text-align: center;\">BUZET NEKRETNINA | ISTRA<\/h2>\t\t\t\t\t\t\t\t<\/div>\n\t\t\t\t<\/div>\n\t\t\t\t<div class=\"elementor-element elementor-element-ba89f06 elementor-widget elementor-widget-text-editor\" data-id=\"ba89f06\" data-element_type=\"widget\" data-e-type=\"widget\" data-widget_type=\"text-editor.default\">\n\t\t\t\t<div class=\"elementor-widget-container\">\n\t\t\t\t\t\t\t\t\tTra\u017ei po gradu:\n<ul>\n \t<li><a href=\"https:\/\/www.vista-pro.com\/hr\/city\/umag\/\">Umag<\/a><\/li>\n \t<li><a href=\"https:\/\/www.vista-pro.com\/hr\/city\/buje\/\">Buje<\/a><\/li>\n \t<li><a href=\"https:\/\/www.vista-pro.com\/hr\/city\/buzet\/\">Buzet<\/a><\/li>\n \t<li><a href=\"https:\/\/www.vista-pro.com\/hr\/city\/novigrad\/\">Novigrad<\/a><\/li>\n \t<li><a href=\"https:\/\/www.vista-pro.com\/hr\/city\/pazin\/\">Pazin<\/a><\/li>\n \t<li><a href=\"https:\/\/www.vista-pro.com\/hr\/city\/porec\/\">Pore\u010d<\/a><\/li>\n \t<li><a href=\"https:\/\/www.vista-pro.com\/hr\/city\/rovinj\/\">Rovinj<\/a><\/li>\n \t<li><a href=\"https:\/\/www.vista-pro.com\/hr\/city\/vodnjan\/\">Vodnjan<\/a><\/li>\n \t<li><a href=\"https:\/\/www.vista-pro.com\/hr\/city\/pula\/\">Pula<\/a><\/li>\n \t<li><a href=\"https:\/\/www.vista-pro.com\/hr\/city\/labin\/\">Labin<\/a><\/li>\n<\/ul>\n\t\t\t\t\t\t\t\t<\/div>\n\t\t\t\t<\/div>\n\t\t\t\t\t<\/div>\n\t\t<\/div>\n\t\t\t\t\t<\/div>\n\t\t<\/section>\n\t\t\t\t<section class=\"elementor-section elementor-top-section elementor-element elementor-element-a08de93 elementor-section-boxed elementor-section-height-default elementor-section-height-default\" data-id=\"a08de93\" data-element_type=\"section\" data-e-type=\"section\">\n\t\t\t\t\t\t<div class=\"elementor-container elementor-column-gap-default\">\n\t\t\t\t\t<div class=\"elementor-column elementor-col-100 elementor-top-column elementor-element elementor-element-86d8680\" data-id=\"86d8680\" data-element_type=\"column\" data-e-type=\"column\">\n\t\t\t<div class=\"elementor-widget-wrap elementor-element-populated\">\n\t\t\t\t\t\t<div class=\"elementor-element elementor-element-0a79bd0 elementor-widget-divider--view-line elementor-widget elementor-widget-divider\" data-id=\"0a79bd0\" data-element_type=\"widget\" data-e-type=\"widget\" data-widget_type=\"divider.default\">\n\t\t\t\t<div class=\"elementor-widget-container\">\n\t\t\t\t\t\t\t<div class=\"elementor-divider\">\n\t\t\t<span class=\"elementor-divider-separator\">\n\t\t\t\t\t\t<\/span>\n\t\t<\/div>\n\t\t\t\t\t\t<\/div>\n\t\t\t\t<\/div>\n\t\t\t\t\t<\/div>\n\t\t<\/div>\n\t\t\t\t\t<\/div>\n\t\t<\/section>\n\t\t\t\t<\/div>","protected":false},"excerpt":{"rendered":"<p>Buzet Real Estate | Istria The city area of Buzet is located in the northernmost inner part of Istria, in the area between three major city centers: Rijeka, Trieste and Pula. It borders the Republic of Slovenia (City Municipality of Koper), the municipalities of Motovun, Oprtalj, Lani\u0161\u0107e, Lupoglav and Cerovlje and the City of Pazin. [&hellip;]<\/p>\n","protected":false},"author":22,"featured_media":19791,"comment_status":"open","ping_status":"open","sticky":false,"template":"","format":"standard","meta":{"footnotes":""},"categories":[365,357,6],"tags":[366,360,12],"class_list":["post-20191","post","type-post","status-publish","format-standard","has-post-thumbnail","hentry","category-buzet","category-istria","category-real-estate","tag-buzet","tag-istria","tag-real-estate"],"aioseo_notices":[],"a3_pvc":{"activated":false,"total_views":9,"today_views":0},"aioseo_head":"\n\t\t<!-- All in One SEO Pro 4.9.6.2 - aioseo.com -->\n\t<meta name=\"description\" content=\"A nice spacious apartment for sale in Novigrad, located only 300 meters from the sea and the center! The total area of \u200b\u200bthe apartment is 88 m\u00b2 and it is located on the second floor of the residential building.\" \/>\n\t<meta name=\"robots\" content=\"max-image-preview:large\" \/>\n\t<meta name=\"author\" content=\"Vista Pro Network\"\/>\n\t<meta name=\"google-site-verification\" content=\"4oFqZzmLWcyWIMy4eA-JPvOMpUyQMlWKGExznAh2ivE\" \/>\n\t<meta name=\"msvalidate.01\" content=\"ce086a5b504f44708dc7e1183b682878\" \/>\n\t<meta name=\"yandex-verification\" content=\"6797e2747f288a3d\" \/>\n\t<link rel=\"canonical\" href=\"https:\/\/www.vista-pro.com\/hr\/real-estate\/novigrad-spacious-flat-in-a-great-location\/\" \/>\n\t<meta name=\"generator\" content=\"All in One SEO Pro (AIOSEO) 4.9.6.2\" \/>\n\t\t<meta property=\"og:locale\" content=\"hr_HR\" \/>\n\t\t<meta property=\"og:site_name\" content=\"Vista Pro | Real Estate Istria\" \/>\n\t\t<meta property=\"og:type\" content=\"article\" \/>\n\t\t<meta property=\"og:title\" content=\"Novigrad | Spacious flat in a great location\" \/>\n\t\t<meta property=\"og:description\" content=\"A nice spacious apartment for sale in Novigrad, located only 300 meters from the sea and the center! The total area of \u200b\u200bthe apartment is 88 m\u00b2 and it is located on the second floor of the residential building.\" \/>\n\t\t<meta property=\"og:url\" content=\"https:\/\/www.vista-pro.com\/hr\/real-estate\/novigrad-spacious-flat-in-a-great-location\/\" \/>\n\t\t<meta property=\"fb:app_id\" content=\"251215160915905\" \/>\n\t\t<meta property=\"og:image\" content=\"https:\/\/www.vista-pro.com\/wp-content\/uploads\/2024\/10\/novigrad-spacious-flat-in-a-great-location-7.jpg\" \/>\n\t\t<meta property=\"og:image:secure_url\" content=\"https:\/\/www.vista-pro.com\/wp-content\/uploads\/2024\/10\/novigrad-spacious-flat-in-a-great-location-7.jpg\" \/>\n\t\t<meta property=\"og:image:width\" content=\"2160\" \/>\n\t\t<meta property=\"og:image:height\" content=\"1440\" \/>\n\t\t<meta property=\"article:published_time\" content=\"2024-10-26T23:16:05+00:00\" \/>\n\t\t<meta property=\"article:modified_time\" content=\"2024-10-27T07:44:26+00:00\" \/>\n\t\t<meta property=\"article:publisher\" content=\"https:\/\/facebook.com\/vistapronetwork\" \/>\n\t\t<meta name=\"twitter:card\" content=\"summary_large_image\" \/>\n\t\t<meta name=\"twitter:site\" content=\"@vistapronetwork\" \/>\n\t\t<meta name=\"twitter:title\" content=\"Novigrad | Spacious flat in a great location\" \/>\n\t\t<meta name=\"twitter:description\" content=\"A nice spacious apartment for sale in Novigrad, located only 300 meters from the sea and the center! The total area of \u200b\u200bthe apartment is 88 m\u00b2 and it is located on the second floor of the residential building.\" \/>\n\t\t<meta name=\"twitter:creator\" content=\"@vistapronetwork\" \/>\n\t\t<meta name=\"twitter:image\" content=\"https:\/\/www.vista-pro.com\/wp-content\/uploads\/2024\/10\/novigrad-spacious-flat-in-a-great-location-7.jpg\" \/>\n\t\t<meta name=\"twitter:label1\" content=\"Written by\" \/>\n\t\t<meta name=\"twitter:data1\" content=\"Vista Pro Network\" \/>\n\t\t<meta name=\"twitter:label2\" content=\"Est. reading time\" \/>\n\t\t<meta name=\"twitter:data2\" content=\"1 minute\" \/>\n\t\t<script type=\"application\/ld+json\" class=\"aioseo-schema\">\n\t\t\t{\"@context\":\"https:\\\/\\\/schema.org\",\"@graph\":[{\"@type\":\"BreadcrumbList\",\"@id\":\"https:\\\/\\\/www.vista-pro.com\\\/hr\\\/real-estate\\\/novigrad-spacious-flat-in-a-great-location\\\/#breadcrumblist\",\"itemListElement\":[{\"@type\":\"ListItem\",\"@id\":\"https:\\\/\\\/www.vista-pro.com\\\/hr#listItem\",\"position\":1,\"name\":\"Home\",\"item\":\"https:\\\/\\\/www.vista-pro.com\\\/hr\",\"nextItem\":{\"@type\":\"ListItem\",\"@id\":\"https:\\\/\\\/www.vista-pro.com\\\/hr\\\/category\\\/istria\\\/#listItem\",\"name\":\"Istria\"}},{\"@type\":\"ListItem\",\"@id\":\"https:\\\/\\\/www.vista-pro.com\\\/hr\\\/category\\\/istria\\\/#listItem\",\"position\":2,\"name\":\"Istria\",\"item\":\"https:\\\/\\\/www.vista-pro.com\\\/hr\\\/category\\\/istria\\\/\",\"nextItem\":{\"@type\":\"ListItem\",\"@id\":\"https:\\\/\\\/www.vista-pro.com\\\/hr\\\/category\\\/istria\\\/buzet\\\/#listItem\",\"name\":\"Buzet\"},\"previousItem\":{\"@type\":\"ListItem\",\"@id\":\"https:\\\/\\\/www.vista-pro.com\\\/hr#listItem\",\"name\":\"Home\"}},{\"@type\":\"ListItem\",\"@id\":\"https:\\\/\\\/www.vista-pro.com\\\/hr\\\/category\\\/istria\\\/buzet\\\/#listItem\",\"position\":3,\"name\":\"Buzet\",\"item\":\"https:\\\/\\\/www.vista-pro.com\\\/hr\\\/category\\\/istria\\\/buzet\\\/\",\"nextItem\":{\"@type\":\"ListItem\",\"@id\":\"https:\\\/\\\/www.vista-pro.com\\\/hr\\\/real-estate-buzet-istria\\\/#listItem\",\"name\":\"Real Estate Buzet | Istria\"},\"previousItem\":{\"@type\":\"ListItem\",\"@id\":\"https:\\\/\\\/www.vista-pro.com\\\/hr\\\/category\\\/istria\\\/#listItem\",\"name\":\"Istria\"}},{\"@type\":\"ListItem\",\"@id\":\"https:\\\/\\\/www.vista-pro.com\\\/hr\\\/real-estate-buzet-istria\\\/#listItem\",\"position\":4,\"name\":\"Real Estate Buzet | Istria\",\"previousItem\":{\"@type\":\"ListItem\",\"@id\":\"https:\\\/\\\/www.vista-pro.com\\\/hr\\\/category\\\/istria\\\/buzet\\\/#listItem\",\"name\":\"Buzet\"}}]},{\"@type\":\"Organization\",\"@id\":\"https:\\\/\\\/www.vista-pro.com\\\/hr\\\/#organization\",\"name\":\"Vista Pro Network | Real Estate | Istria | Umag Buje Novigrad Porec Rovinj\",\"description\":\"Vista Pro Network | Real Estate | Istria | Umag Buje Novigrad Porec Rovinj\",\"url\":\"https:\\\/\\\/www.vista-pro.com\\\/hr\\\/\",\"email\":\"info@vista-pro.com\",\"telephone\":\"+385915127282\",\"logo\":{\"@type\":\"ImageObject\",\"url\":\"https:\\\/\\\/vista-pro.com\\\/wp-content\\\/uploads\\\/2022\\\/05\\\/logo-b.png\",\"@id\":\"https:\\\/\\\/www.vista-pro.com\\\/hr\\\/real-estate\\\/novigrad-spacious-flat-in-a-great-location\\\/#organizationLogo\"},\"image\":{\"@id\":\"https:\\\/\\\/www.vista-pro.com\\\/hr\\\/real-estate\\\/novigrad-spacious-flat-in-a-great-location\\\/#organizationLogo\"},\"sameAs\":[\"https:\\\/\\\/facebook.com\\\/vistapronetwork\",\"https:\\\/\\\/x.com\\\/vistapronetwork\",\"https:\\\/\\\/instagram.com\\\/vistapronetwork\",\"https:\\\/\\\/pinterest.com\\\/vistapronetwork\",\"https:\\\/\\\/youtube.com\\\/@vistapronetwork\",\"https:\\\/\\\/linkedin.com\\\/in\\\/vistapronetwork\"],\"address\":{\"@id\":\"https:\\\/\\\/www.vista-pro.com\\\/hr\\\/#postaladdress\",\"@type\":\"PostalAddress\",\"streetAddress\":\"Vladimir Nazor 5,\",\"postalCode\":\"52470\",\"addressLocality\":\"Umag\",\"addressRegion\":\"Istria\",\"addressCountry\":\"HR\"},\"vatID\":\"HR30117654631\"},{\"@type\":\"Person\",\"@id\":\"https:\\\/\\\/www.vista-pro.com\\\/hr\\\/author\\\/agency\\\/#author\",\"url\":\"https:\\\/\\\/www.vista-pro.com\\\/hr\\\/author\\\/agency\\\/\",\"name\":\"Vista Pro Network\"},{\"@type\":\"RealEstateListing\",\"@id\":\"https:\\\/\\\/www.vista-pro.com\\\/hr\\\/real-estate\\\/novigrad-spacious-flat-in-a-great-location\\\/#realestatelisting\",\"url\":\"https:\\\/\\\/www.vista-pro.com\\\/hr\\\/real-estate\\\/novigrad-spacious-flat-in-a-great-location\\\/\",\"name\":\"Novigrad | Spacious flat in a great location\",\"description\":\"A nice spacious apartment for sale in Novigrad, located only 300 meters from the sea and the center! The total area of \\u200b\\u200bthe apartment is 88 m\\u00b2 and it is located on the second floor of the residential building.\",\"inLanguage\":\"hr\",\"isPartOf\":{\"@id\":\"https:\\\/\\\/www.vista-pro.com\\\/hr\\\/#website\"},\"breadcrumb\":{\"@id\":\"https:\\\/\\\/www.vista-pro.com\\\/hr\\\/real-estate\\\/novigrad-spacious-flat-in-a-great-location\\\/#breadcrumblist\"},\"author\":{\"@id\":\"https:\\\/\\\/www.vista-pro.com\\\/hr\\\/author\\\/agency\\\/#author\"},\"creator\":{\"@id\":\"https:\\\/\\\/www.vista-pro.com\\\/hr\\\/author\\\/agency\\\/#author\"},\"image\":{\"@type\":\"ImageObject\",\"url\":\"https:\\\/\\\/cdn.vista-pro.com\\\/wp-content\\\/uploads\\\/2024\\\/10\\\/novigrad-spacious-flat-in-a-great-location-7.jpg?strip=all&quality=70&webp=70&avif=70&sharp=1\",\"@id\":\"https:\\\/\\\/www.vista-pro.com\\\/hr\\\/real-estate\\\/novigrad-spacious-flat-in-a-great-location\\\/#mainImage\",\"width\":2160,\"height\":1440,\"caption\":\"novigrad spacious flat in a great location\"},\"primaryImageOfPage\":{\"@id\":\"https:\\\/\\\/www.vista-pro.com\\\/hr\\\/real-estate\\\/novigrad-spacious-flat-in-a-great-location\\\/#mainImage\"},\"datePublished\":\"2024-10-27T01:16:05+02:00\",\"dateModified\":\"2024-10-27T09:44:26+02:00\",\"datePosted\":\"2024-10-27T01:16:05+02:00\"},{\"@type\":\"WebPage\",\"@id\":\"https:\\\/\\\/www.vista-pro.com\\\/hr\\\/real-estate\\\/novigrad-spacious-flat-in-a-great-location\\\/#webpage\",\"url\":\"https:\\\/\\\/www.vista-pro.com\\\/hr\\\/real-estate\\\/novigrad-spacious-flat-in-a-great-location\\\/\",\"name\":\"Novigrad | Spacious flat in a great location\",\"description\":\"A nice spacious apartment for sale in Novigrad, located only 300 meters from the sea and the center! The total area of \\u200b\\u200bthe apartment is 88 m\\u00b2 and it is located on the second floor of the residential building.\",\"inLanguage\":\"hr\",\"isPartOf\":{\"@id\":\"https:\\\/\\\/www.vista-pro.com\\\/hr\\\/#website\"},\"breadcrumb\":{\"@id\":\"https:\\\/\\\/www.vista-pro.com\\\/hr\\\/real-estate\\\/novigrad-spacious-flat-in-a-great-location\\\/#breadcrumblist\"},\"author\":{\"@id\":\"https:\\\/\\\/www.vista-pro.com\\\/hr\\\/author\\\/agency\\\/#author\"},\"creator\":{\"@id\":\"https:\\\/\\\/www.vista-pro.com\\\/hr\\\/author\\\/agency\\\/#author\"},\"image\":{\"@type\":\"ImageObject\",\"url\":\"https:\\\/\\\/cdn.vista-pro.com\\\/wp-content\\\/uploads\\\/2024\\\/10\\\/novigrad-spacious-flat-in-a-great-location-7.jpg?strip=all&quality=70&webp=70&avif=70&sharp=1\",\"@id\":\"https:\\\/\\\/www.vista-pro.com\\\/hr\\\/real-estate\\\/novigrad-spacious-flat-in-a-great-location\\\/#mainImage\",\"width\":2160,\"height\":1440,\"caption\":\"novigrad spacious flat in a great location\"},\"primaryImageOfPage\":{\"@id\":\"https:\\\/\\\/www.vista-pro.com\\\/hr\\\/real-estate\\\/novigrad-spacious-flat-in-a-great-location\\\/#mainImage\"},\"datePublished\":\"2024-10-27T01:16:05+02:00\",\"dateModified\":\"2024-10-27T09:44:26+02:00\"},{\"@type\":\"WebSite\",\"@id\":\"https:\\\/\\\/www.vista-pro.com\\\/hr\\\/#website\",\"url\":\"https:\\\/\\\/www.vista-pro.com\\\/hr\\\/\",\"name\":\"Vista Pro | Real Estate Istria\",\"alternateName\":\"Vista Pro Network | Real Estate\",\"description\":\"Vista Pro Network | Real Estate | Istria | Umag Buje Novigrad Porec Rovinj\",\"inLanguage\":\"hr\",\"publisher\":{\"@id\":\"https:\\\/\\\/www.vista-pro.com\\\/hr\\\/#organization\"}}]}\n\t\t<\/script>\n\t\t<!-- All in One SEO Pro -->\r\n\t\t<title>Novigrad | Spacious flat in a great location<\/title>\n\n","aioseo_head_json":{"title":"Novigrad | Prostran stan na super lokaciji","description":"Prodaje se lijep prostran stan u Novigradu udaljen samo 300 metara od mora i centra! Ukupna povr\u0161ina stana je 88 m\u00b2 i nalazi se na drugom spratu stambene zgrade.","canonical_url":"https:\/\/www.vista-pro.com\/hr\/real-estate\/novigrad-spacious-flat-in-a-great-location\/","robots":"max-image-preview:large","keywords":"","webmasterTools":{"google-site-verification":"4oFqZzmLWcyWIMy4eA-JPvOMpUyQMlWKGExznAh2ivE","msvalidate.01":"ce086a5b504f44708dc7e1183b682878","yandex-verification":"6797e2747f288a3d","miscellaneous":""},"schema":{"@context":"https:\/\/schema.org","@graph":[{"@type":"BreadcrumbList","@id":"https:\/\/www.vista-pro.com\/hr\/real-estate\/novigrad-spacious-flat-in-a-great-location\/#breadcrumblist","itemListElement":[{"@type":"ListItem","@id":"https:\/\/www.vista-pro.com\/hr#listItem","position":1,"name":"Home","item":"https:\/\/www.vista-pro.com\/hr","nextItem":{"@type":"ListItem","@id":"https:\/\/www.vista-pro.com\/hr\/category\/istria\/#listItem","name":"Istria"}},{"@type":"ListItem","@id":"https:\/\/www.vista-pro.com\/hr\/category\/istria\/#listItem","position":2,"name":"Istria","item":"https:\/\/www.vista-pro.com\/hr\/category\/istria\/","nextItem":{"@type":"ListItem","@id":"https:\/\/www.vista-pro.com\/hr\/category\/istria\/buzet\/#listItem","name":"Buzet"},"previousItem":{"@type":"ListItem","@id":"https:\/\/www.vista-pro.com\/hr#listItem","name":"Home"}},{"@type":"ListItem","@id":"https:\/\/www.vista-pro.com\/hr\/category\/istria\/buzet\/#listItem","position":3,"name":"Buzet","item":"https:\/\/www.vista-pro.com\/hr\/category\/istria\/buzet\/","nextItem":{"@type":"ListItem","@id":"https:\/\/www.vista-pro.com\/hr\/real-estate-buzet-istria\/#listItem","name":"Real Estate Buzet | Istria"},"previousItem":{"@type":"ListItem","@id":"https:\/\/www.vista-pro.com\/hr\/category\/istria\/#listItem","name":"Istria"}},{"@type":"ListItem","@id":"https:\/\/www.vista-pro.com\/hr\/real-estate-buzet-istria\/#listItem","position":4,"name":"Real Estate Buzet | Istria","previousItem":{"@type":"ListItem","@id":"https:\/\/www.vista-pro.com\/hr\/category\/istria\/buzet\/#listItem","name":"Buzet"}}]},{"@type":"Organization","@id":"https:\/\/www.vista-pro.com\/hr\/#organization","name":"Vista Pro Network | Real Estate | Istria | Umag Buje Novigrad Porec Rovinj","description":"Vista Pro Network | Real Estate | Istria | Umag Buje Novigrad Porec Rovinj","url":"https:\/\/www.vista-pro.com\/hr\/","email":"info@vista-pro.com","telephone":"+385915127282","logo":{"@type":"ImageObject","url":"https:\/\/vista-pro.com\/wp-content\/uploads\/2022\/05\/logo-b.png","@id":"https:\/\/www.vista-pro.com\/hr\/real-estate\/novigrad-spacious-flat-in-a-great-location\/#organizationLogo"},"image":{"@id":"https:\/\/www.vista-pro.com\/hr\/real-estate\/novigrad-spacious-flat-in-a-great-location\/#organizationLogo"},"sameAs":["https:\/\/facebook.com\/vistapronetwork","https:\/\/x.com\/vistapronetwork","https:\/\/instagram.com\/vistapronetwork","https:\/\/pinterest.com\/vistapronetwork","https:\/\/youtube.com\/@vistapronetwork","https:\/\/linkedin.com\/in\/vistapronetwork"],"address":{"@id":"https:\/\/www.vista-pro.com\/hr\/#postaladdress","@type":"PostalAddress","streetAddress":"Vladimir Nazor 5,","postalCode":"52470","addressLocality":"Umag","addressRegion":"Istria","addressCountry":"HR"},"vatID":"HR30117654631"},{"@type":"Person","@id":"https:\/\/www.vista-pro.com\/hr\/author\/agency\/#author","url":"https:\/\/www.vista-pro.com\/hr\/author\/agency\/","name":"Vista Pro Network"},{"@type":"RealEstateListing","@id":"https:\/\/www.vista-pro.com\/hr\/real-estate\/novigrad-spacious-flat-in-a-great-location\/#realestatelisting","url":"https:\/\/www.vista-pro.com\/hr\/real-estate\/novigrad-spacious-flat-in-a-great-location\/","name":"Novigrad | Spacious flat in a great location","description":"A nice spacious apartment for sale in Novigrad, located only 300 meters from the sea and the center! The total area of \u200b\u200bthe apartment is 88 m\u00b2 and it is located on the second floor of the residential building.","inLanguage":"hr","isPartOf":{"@id":"https:\/\/www.vista-pro.com\/hr\/#website"},"breadcrumb":{"@id":"https:\/\/www.vista-pro.com\/hr\/real-estate\/novigrad-spacious-flat-in-a-great-location\/#breadcrumblist"},"author":{"@id":"https:\/\/www.vista-pro.com\/hr\/author\/agency\/#author"},"creator":{"@id":"https:\/\/www.vista-pro.com\/hr\/author\/agency\/#author"},"image":{"@type":"ImageObject","url":"https:\/\/cdn.vista-pro.com\/wp-content\/uploads\/2024\/10\/novigrad-spacious-flat-in-a-great-location-7.jpg?strip=all&quality=70&webp=70&avif=70&sharp=1","@id":"https:\/\/www.vista-pro.com\/hr\/real-estate\/novigrad-spacious-flat-in-a-great-location\/#mainImage","width":2160,"height":1440,"caption":"novigrad spacious flat in a great location"},"primaryImageOfPage":{"@id":"https:\/\/www.vista-pro.com\/hr\/real-estate\/novigrad-spacious-flat-in-a-great-location\/#mainImage"},"datePublished":"2024-10-27T01:16:05+02:00","dateModified":"2024-10-27T09:44:26+02:00","datePosted":"2024-10-27T01:16:05+02:00"},{"@type":"WebPage","@id":"https:\/\/www.vista-pro.com\/hr\/real-estate\/novigrad-spacious-flat-in-a-great-location\/#webpage","url":"https:\/\/www.vista-pro.com\/hr\/real-estate\/novigrad-spacious-flat-in-a-great-location\/","name":"Novigrad | Spacious flat in a great location","description":"A nice spacious apartment for sale in Novigrad, located only 300 meters from the sea and the center! The total area of \u200b\u200bthe apartment is 88 m\u00b2 and it is located on the second floor of the residential building.","inLanguage":"hr","isPartOf":{"@id":"https:\/\/www.vista-pro.com\/hr\/#website"},"breadcrumb":{"@id":"https:\/\/www.vista-pro.com\/hr\/real-estate\/novigrad-spacious-flat-in-a-great-location\/#breadcrumblist"},"author":{"@id":"https:\/\/www.vista-pro.com\/hr\/author\/agency\/#author"},"creator":{"@id":"https:\/\/www.vista-pro.com\/hr\/author\/agency\/#author"},"image":{"@type":"ImageObject","url":"https:\/\/cdn.vista-pro.com\/wp-content\/uploads\/2024\/10\/novigrad-spacious-flat-in-a-great-location-7.jpg?strip=all&quality=70&webp=70&avif=70&sharp=1","@id":"https:\/\/www.vista-pro.com\/hr\/real-estate\/novigrad-spacious-flat-in-a-great-location\/#mainImage","width":2160,"height":1440,"caption":"novigrad spacious flat in a great location"},"primaryImageOfPage":{"@id":"https:\/\/www.vista-pro.com\/hr\/real-estate\/novigrad-spacious-flat-in-a-great-location\/#mainImage"},"datePublished":"2024-10-27T01:16:05+02:00","dateModified":"2024-10-27T09:44:26+02:00"},{"@type":"WebSite","@id":"https:\/\/www.vista-pro.com\/hr\/#website","url":"https:\/\/www.vista-pro.com\/hr\/","name":"Vista Pro | Real Estate Istria","alternateName":"Vista Pro Network | Real Estate","description":"Vista Pro Network | Real Estate | Istria | Umag Buje Novigrad Porec Rovinj","inLanguage":"hr","publisher":{"@id":"https:\/\/www.vista-pro.com\/hr\/#organization"}}]},"og:locale":"hr_HR","og:site_name":"Vista Pro | Real Estate Istria","og:type":"article","og:title":"Novigrad | Spacious flat in a great location","og:description":"A nice spacious apartment for sale in Novigrad, located only 300 meters from the sea and the center! The total area of \u200b\u200bthe apartment is 88 m\u00b2 and it is located on the second floor of the residential building.","og:url":"https:\/\/www.vista-pro.com\/hr\/real-estate\/novigrad-spacious-flat-in-a-great-location\/","fb:app_id":"251215160915905","og:image":"https:\/\/www.vista-pro.com\/wp-content\/uploads\/2024\/10\/novigrad-spacious-flat-in-a-great-location-7.jpg","og:image:secure_url":"https:\/\/www.vista-pro.com\/wp-content\/uploads\/2024\/10\/novigrad-spacious-flat-in-a-great-location-7.jpg","og:image:width":2160,"og:image:height":1440,"article:published_time":"2024-10-26T23:16:05+00:00","article:modified_time":"2024-10-27T07:44:26+00:00","article:publisher":"https:\/\/facebook.com\/vistapronetwork","twitter:card":"summary_large_image","twitter:site":"@vistapronetwork","twitter:title":"Novigrad | Spacious flat in a great location","twitter:description":"A nice spacious apartment for sale in Novigrad, located only 300 meters from the sea and the center! The total area of \u200b\u200bthe apartment is 88 m\u00b2 and it is located on the second floor of the residential building.","twitter:creator":"@vistapronetwork","twitter:image":"https:\/\/www.vista-pro.com\/wp-content\/uploads\/2024\/10\/novigrad-spacious-flat-in-a-great-location-7.jpg","twitter:label1":"Written by","twitter:data1":"Vista Pro Network","twitter:label2":"Est. reading time","twitter:data2":"1 minute"},"aioseo_meta_data":{"post_id":"20191","title":"Nekretnine Buzet | Istra | Vista Pro Network","description":"Nekretnine Buzet | Istra | Gradsko podru\u010dje Buzeta nalazi se u najsjevernijem unutarnjem dijelu Istre, na podru\u010dju izme\u0111u tri velika...","keywords":[],"keyphrases":{"focus":{"keyphrase":"buzet","analysis":{"keyphraseInTitle":{"score":9,"maxScore":9,"error":0},"keyphraseInDescription":{"score":9,"maxScore":9,"error":0},"keyphraseLength":{"score":9,"maxScore":9,"error":0,"length":1},"keyphraseInURL":{"score":5,"maxScore":5,"error":0},"keyphraseInIntroduction":{"score":9,"maxScore":9,"error":0},"keyphraseInSubHeadings":{"score":9,"maxScore":9,"error":0},"keyphraseInImageAlt":{"score":3,"maxScore":9,"error":1}},"score":90},"additional":[{"keyphrase":"real estate","score":67,"analysis":{"keyphraseInDescription":{"score":9,"maxScore":9,"error":0},"keyphraseLength":{"score":9,"maxScore":9,"error":0,"length":2},"keyphraseInIntroduction":{"score":3,"maxScore":9,"error":1},"keyphraseInImageAlt":{"score":3,"maxScore":9,"error":1}}}]},"primary_term":null,"canonical_url":null,"og_title":null,"og_description":null,"og_object_type":"default","og_image_type":"featured","og_image_url":"https:\/\/vista-pro.com\/wp-content\/uploads\/2022\/06\/buzet-map.jpg","og_image_width":"2160","og_image_height":"1440","og_image_custom_url":null,"og_image_custom_fields":null,"og_video":"","og_custom_url":null,"og_article_section":"Real Estate","og_article_tags":[],"twitter_use_og":false,"twitter_card":"default","twitter_image_type":"default","twitter_image_url":null,"twitter_image_custom_url":null,"twitter_image_custom_fields":null,"twitter_title":"Real Estate Buzet | Istria | Vista Pro Network","twitter_description":null,"schema":{"blockGraphs":[],"customGraphs":[],"default":{"data":{"Article":[],"Course":[],"Dataset":[],"FAQPage":[],"Movie":[],"Person":[],"Product":[],"ProductReview":[],"Car":[],"Recipe":[],"Service":[],"SoftwareApplication":[],"WebPage":[]},"graphName":"","isEnabled":true},"graphs":[]},"schema_type":"default","schema_type_options":null,"pillar_content":false,"robots_default":true,"robots_noindex":false,"robots_noarchive":false,"robots_nosnippet":false,"robots_nofollow":false,"robots_noimageindex":false,"robots_noodp":false,"robots_notranslate":false,"robots_max_snippet":"-1","robots_max_videopreview":"-1","robots_max_imagepreview":"large","priority":null,"frequency":"default","local_seo":null,"seo_analyzer_scan_date":"2025-08-20 09:03:52","breadcrumb_settings":null,"limit_modified_date":false,"open_ai":"{\"title\":{\"suggestions\":[],\"usage\":0},\"description\":{\"suggestions\":[],\"usage\":0}}","ai":null,"created":"2022-11-23 22:05:09","updated":"2025-08-20 09:03:52"},"aioseo_breadcrumb":"<div class=\"aioseo-breadcrumbs\"><span class=\"aioseo-breadcrumb\">\n\t<a href=\"https:\/\/www.vista-pro.com\/hr\" title=\"Home\">Home<\/a>\n<\/span><span class=\"aioseo-breadcrumb-separator\">|<\/span><span class=\"aioseo-breadcrumb\">\n\t<a href=\"https:\/\/www.vista-pro.com\/hr\/category\/istria\/\" title=\"Istria\">Istria<\/a>\n<\/span><span class=\"aioseo-breadcrumb-separator\">|<\/span><span class=\"aioseo-breadcrumb\">\n\t<a href=\"https:\/\/www.vista-pro.com\/hr\/category\/istria\/buzet\/\" title=\"Buzet\">Buzet<\/a>\n<\/span><span class=\"aioseo-breadcrumb-separator\">|<\/span><span class=\"aioseo-breadcrumb\">\n\tReal Estate Buzet | Istria\n<\/span><\/div>","aioseo_breadcrumb_json":[{"label":"Home","link":"https:\/\/www.vista-pro.com\/hr"},{"label":"Istria","link":"https:\/\/www.vista-pro.com\/hr\/category\/istria\/"},{"label":"Buzet","link":"https:\/\/www.vista-pro.com\/hr\/category\/istria\/buzet\/"},{"label":"Real Estate Buzet | Istria","link":"https:\/\/www.vista-pro.com\/hr\/real-estate-buzet-istria\/"}],"authors":[],"_links":{"self":[{"href":"https:\/\/www.vista-pro.com\/hr\/wp-json\/wp\/v2\/posts\/20191","targetHints":{"allow":["GET"]}}],"collection":[{"href":"https:\/\/www.vista-pro.com\/hr\/wp-json\/wp\/v2\/posts"}],"about":[{"href":"https:\/\/www.vista-pro.com\/hr\/wp-json\/wp\/v2\/types\/post"}],"author":[{"embeddable":true,"href":"https:\/\/www.vista-pro.com\/hr\/wp-json\/wp\/v2\/users\/22"}],"replies":[{"embeddable":true,"href":"https:\/\/www.vista-pro.com\/hr\/wp-json\/wp\/v2\/comments?post=20191"}],"version-history":[{"count":0,"href":"https:\/\/www.vista-pro.com\/hr\/wp-json\/wp\/v2\/posts\/20191\/revisions"}],"wp:featuredmedia":[{"embeddable":true,"href":"https:\/\/www.vista-pro.com\/hr\/wp-json\/wp\/v2\/media\/19791"}],"wp:attachment":[{"href":"https:\/\/www.vista-pro.com\/hr\/wp-json\/wp\/v2\/media?parent=20191"}],"wp:term":[{"taxonomy":"category","embeddable":true,"href":"https:\/\/www.vista-pro.com\/hr\/wp-json\/wp\/v2\/categories?post=20191"},{"taxonomy":"post_tag","embeddable":true,"href":"https:\/\/www.vista-pro.com\/hr\/wp-json\/wp\/v2\/tags?post=20191"}],"curies":[{"name":"radni list","href":"https:\/\/api.w.org\/{rel}","templated":true}]}}